{"id":23454,"date":"2025-10-02T21:00:00","date_gmt":"2025-10-03T03:00:00","guid":{"rendered":"https:\/\/cronicadesoledad.com\/?p=23454"},"modified":"2025-10-03T00:34:41","modified_gmt":"2025-10-03T06:34:41","slug":"a-10-anos-de-la-desaparicion-de-zoe-zuleica-fiscalia-publica-retrato-actualizado","status":"publish","type":"post","link":"https:\/\/cronicadesoledad.com\/index.php\/2025\/10\/02\/a-10-anos-de-la-desaparicion-de-zoe-zuleica-fiscalia-publica-retrato-actualizado\/","title":{"rendered":"A 10 a\u00f1os de la desaparici\u00f3n de Zo\u00e9 Zuleica, Fiscal\u00eda publica retrato actualizado"},"content":{"rendered":"\n<p>En diciembre de <strong>2015<\/strong>, con tan solo cinco a\u00f1os de edad, <strong>Zo\u00e9 Zuleica<\/strong> desapareci\u00f3 durante una fiesta en <strong>Soledad de Graciano S\u00e1nchez<\/strong>, lo que marc\u00f3 el inicio de una b\u00fasqueda incesante encabezada por su madre. A una d\u00e9cada de aquel hecho, la <strong>Fiscal\u00eda General del Estado (FGE)<\/strong> difundi\u00f3 un retrato elaborado por personal especializado que muestra c\u00f3mo podr\u00eda lucir actualmente la menor, quien est\u00e1 por cumplir quince a\u00f1os.<\/p>\n\n\n\n<p>De acuerdo con la publicaci\u00f3n realizada en redes sociales oficiales de la instituci\u00f3n, el retrato se realiz\u00f3 con t\u00e9cnicas de proyecci\u00f3n de edad y busca acercar informaci\u00f3n a la ciudadan\u00eda que permita dar con el paradero de la adolescente desaparecida.<\/p>\n\n\n\n<p>La madre de <strong>Zo\u00e9<\/strong> ha se\u00f1alado que en estos diez a\u00f1os no ha recibido un trato adecuado por parte de las instituciones encargadas de investigar el caso. Ha insistido en que se indague sobre la posible l\u00ednea de investigaci\u00f3n que apunta a que la menor habr\u00eda sido trasladada a <strong>Estados Unidos<\/strong> con documentaci\u00f3n falsa, hip\u00f3tesis que hasta ahora no ha sido confirmada oficialmente.<\/p>\n\n\n\n<p>Con la actualizaci\u00f3n del retrato, las autoridades reiteraron que la b\u00fasqueda de <strong>Zo\u00e9 Zuleica<\/strong> contin\u00faa abierta, aunque a una d\u00e9cada de su desaparici\u00f3n a\u00fan no se han obtenido resultados que permitan esclarecer su paradero.<\/p>\n","protected":false},"excerpt":{"rendered":"<p>En diciembre de 2015, con tan solo cinco a\u00f1os de edad, Zo\u00e9 Zuleica desapareci\u00f3 durante una fiesta en Soledad de Graciano S\u00e1nchez, lo que marc\u00f3 el inicio de una b\u00fasqueda incesante encabezada por su madre. A una d\u00e9cada de aquel hecho, la Fiscal\u00eda General del Estado (FGE) difundi\u00f3 un retrato elaborado por personal especializado que [&hellip;]<\/p>\n","protected":false},"author":2,"featured_media":23455,"comment_status":"open","ping_status":"open","sticky":false,"template":"","format":"standard","meta":{"footnotes":""},"categories":[1,24,19],"tags":[473,294,276,261,27,4871],"class_list":{"0":"post-23454","1":"post","2":"type-post","3":"status-publish","4":"format-standard","5":"has-post-thumbnail","7":"category-destacadas","8":"category-informacion-general","9":"category-seguridad","10":"tag-fgeslp","11":"tag-san-luis","12":"tag-seguridad","13":"tag-slp","14":"tag-soledad","15":"tag-zoe-zuleica"},"_links":{"self":[{"href":"https:\/\/cronicadesoledad.com\/index.php\/wp-json\/wp\/v2\/posts\/23454","targetHints":{"allow":["GET"]}}],"collection":[{"href":"https:\/\/cronicadesoledad.com\/index.php\/wp-json\/wp\/v2\/posts"}],"about":[{"href":"https:\/\/cronicadesoledad.com\/index.php\/wp-json\/wp\/v2\/types\/post"}],"author":[{"embeddable":true,"href":"https:\/\/cronicadesoledad.com\/index.php\/wp-json\/wp\/v2\/users\/2"}],"replies":[{"embeddable":true,"href":"https:\/\/cronicadesoledad.com\/index.php\/wp-json\/wp\/v2\/comments?post=23454"}],"version-history":[{"count":1,"href":"https:\/\/cronicadesoledad.com\/index.php\/wp-json\/wp\/v2\/posts\/23454\/revisions"}],"predecessor-version":[{"id":23456,"href":"https:\/\/cronicadesoledad.com\/index.php\/wp-json\/wp\/v2\/posts\/23454\/revisions\/23456"}],"wp:featuredmedia":[{"embeddable":true,"href":"https:\/\/cronicadesoledad.com\/index.php\/wp-json\/wp\/v2\/media\/23455"}],"wp:attachment":[{"href":"https:\/\/cronicadesoledad.com\/index.php\/wp-json\/wp\/v2\/media?parent=23454"}],"wp:term":[{"taxonomy":"category","embeddable":true,"href":"https:\/\/cronicadesoledad.com\/index.php\/wp-json\/wp\/v2\/categories?post=23454"},{"taxonomy":"post_tag","embeddable":true,"href":"https:\/\/cronicadesoledad.com\/index.php\/wp-json\/wp\/v2\/tags?post=23454"}],"curies":[{"name":"wp","href":"https:\/\/api.w.org\/{rel}","templated":true}]}}