{"id":23464,"date":"2025-10-02T21:03:00","date_gmt":"2025-10-03T03:03:00","guid":{"rendered":"https:\/\/cronicadesoledad.com\/?p=23464"},"modified":"2025-10-03T00:55:49","modified_gmt":"2025-10-03T06:55:49","slug":"soledad-impulsa-inclusion-con-partido-de-basquetbol-adaptado","status":"publish","type":"post","link":"https:\/\/cronicadesoledad.com\/index.php\/2025\/10\/02\/soledad-impulsa-inclusion-con-partido-de-basquetbol-adaptado\/","title":{"rendered":"Soledad impulsa inclusi\u00f3n con partido de b\u00e1squetbol adaptado"},"content":{"rendered":"\n<p>El Ayuntamiento de <strong>Soledad de Graciano S\u00e1nchez<\/strong>, a trav\u00e9s de la <strong>Coordinaci\u00f3n de Deportes Municipal<\/strong>, organiza un partido de exhibici\u00f3n de <strong>b\u00e1squetbol en silla de ruedas<\/strong> con el equipo <strong>\u201cLos Indestructibles de San Luis\u201d<\/strong>, conformado por deportistas con discapacidad que representan al estado en competencias regionales y nacionales. El evento tendr\u00e1 lugar el pr\u00f3ximo <strong>viernes 3 de octubre a las 18:00 horas<\/strong>, en el <strong>Parque Lineal Providencia<\/strong>.<\/p>\n\n\n\n<p>De acuerdo con la convocatoria, la actividad busca sensibilizar a la poblaci\u00f3n sobre la importancia de la inclusi\u00f3n y el reconocimiento a las personas con discapacidad, as\u00ed como fortalecer la convivencia familiar mediante el deporte. La din\u00e1mica constar\u00e1 de un juego adaptado que prioriza la participaci\u00f3n y la seguridad de los jugadores, al tiempo que resalta la disciplina y esfuerzo de quienes integran el equipo.<\/p>\n\n\n\n<p>El encuentro se enmarca en acciones municipales orientadas a promover espacios recreativos accesibles, fomentar la integraci\u00f3n social y abrir oportunidades de participaci\u00f3n deportiva para todos los sectores de la comunidad.<\/p>\n","protected":false},"excerpt":{"rendered":"<p>El Ayuntamiento de Soledad de Graciano S\u00e1nchez, a trav\u00e9s de la Coordinaci\u00f3n de Deportes Municipal, organiza un partido de exhibici\u00f3n de b\u00e1squetbol en silla de ruedas con el equipo \u201cLos Indestructibles de San Luis\u201d, conformado por deportistas con discapacidad que representan al estado en competencias regionales y nacionales. El evento tendr\u00e1 lugar el pr\u00f3ximo viernes [&hellip;]<\/p>\n","protected":false},"author":2,"featured_media":23465,"comment_status":"open","ping_status":"open","sticky":false,"template":"","format":"standard","meta":{"footnotes":""},"categories":[20,1,24,21],"tags":[223,1981,271,294,261,27],"class_list":{"0":"post-23464","1":"post","2":"type-post","3":"status-publish","4":"format-standard","5":"has-post-thumbnail","7":"category-cronica-deportiva","8":"category-destacadas","9":"category-informacion-general","10":"category-tu-soledad","11":"tag-ayuntamiento-soledense","12":"tag-cronica-deportiva-2","13":"tag-deporte","14":"tag-san-luis","15":"tag-slp","16":"tag-soledad"},"_links":{"self":[{"href":"https:\/\/cronicadesoledad.com\/index.php\/wp-json\/wp\/v2\/posts\/23464","targetHints":{"allow":["GET"]}}],"collection":[{"href":"https:\/\/cronicadesoledad.com\/index.php\/wp-json\/wp\/v2\/posts"}],"about":[{"href":"https:\/\/cronicadesoledad.com\/index.php\/wp-json\/wp\/v2\/types\/post"}],"author":[{"embeddable":true,"href":"https:\/\/cronicadesoledad.com\/index.php\/wp-json\/wp\/v2\/users\/2"}],"replies":[{"embeddable":true,"href":"https:\/\/cronicadesoledad.com\/index.php\/wp-json\/wp\/v2\/comments?post=23464"}],"version-history":[{"count":1,"href":"https:\/\/cronicadesoledad.com\/index.php\/wp-json\/wp\/v2\/posts\/23464\/revisions"}],"predecessor-version":[{"id":23466,"href":"https:\/\/cronicadesoledad.com\/index.php\/wp-json\/wp\/v2\/posts\/23464\/revisions\/23466"}],"wp:featuredmedia":[{"embeddable":true,"href":"https:\/\/cronicadesoledad.com\/index.php\/wp-json\/wp\/v2\/media\/23465"}],"wp:attachment":[{"href":"https:\/\/cronicadesoledad.com\/index.php\/wp-json\/wp\/v2\/media?parent=23464"}],"wp:term":[{"taxonomy":"category","embeddable":true,"href":"https:\/\/cronicadesoledad.com\/index.php\/wp-json\/wp\/v2\/categories?post=23464"},{"taxonomy":"post_tag","embeddable":true,"href":"https:\/\/cronicadesoledad.com\/index.php\/wp-json\/wp\/v2\/tags?post=23464"}],"curies":[{"name":"wp","href":"https:\/\/api.w.org\/{rel}","templated":true}]}}