{"id":23470,"date":"2025-10-03T11:57:17","date_gmt":"2025-10-03T17:57:17","guid":{"rendered":"https:\/\/cronicadesoledad.com\/?p=23470"},"modified":"2025-10-03T11:57:17","modified_gmt":"2025-10-03T17:57:17","slug":"marco-flores-enciende-la-ferepo-2025-con-su-ritmo-de-banda","status":"publish","type":"post","link":"https:\/\/cronicadesoledad.com\/index.php\/2025\/10\/03\/marco-flores-enciende-la-ferepo-2025-con-su-ritmo-de-banda\/","title":{"rendered":"Marco Flores enciende la FEREPO 2025 con su ritmo de banda"},"content":{"rendered":"\n<p>Villa de Pozos, SLP.- Al ritmo de la banda y con el tema\u00a0\u201cAmor de la vida alegre\u201d, Marco Flores y la Jerez encendi\u00f3 el Teatro del Pueblo de la Feria Regional de Villa de Pozos, poniendo a vibrar a miles de asistentes que se dieron cita para disfrutar de una noche llena de m\u00fasica, baile y alegr\u00eda.<\/p>\n\n\n\n<p>Desde el inicio de su presentaci\u00f3n, el carism\u00e1tico cantante contagi\u00f3 su energ\u00eda al p\u00fablico, que no dud\u00f3 en corear cada una de sus canciones, generando un ambiente de fiesta que se prolong\u00f3 durante toda la velada. Temas como&nbsp;\u201cHuapango del Pistolero\u201d,&nbsp;\u201cLa burra orejona&#8221;&nbsp;y sus m\u00e1s recientes \u00e9xitos se convirtieron en el pretexto perfecto para no dejar de bailar.<\/p>\n\n\n\n<p>El escenario se transform\u00f3 en un aut\u00e9ntico espect\u00e1culo de luces, m\u00fasica y emociones, donde cada acorde de la banda retumb\u00f3 en el coraz\u00f3n de los presentes. J\u00f3venes, familias y grupos de amigos se unieron en un solo coro, creando postales llenas de color que reflejaron el esp\u00edritu de la FEREPO 2025.<\/p>\n\n\n\n<p>Con esta presentaci\u00f3n, Marco Flores reafirm\u00f3 por qu\u00e9 es considerado uno de los grandes exponentes del g\u00e9nero, dejando claro que la Feria de Villa de Pozos es el punto de encuentro donde la tradici\u00f3n, la m\u00fasica y la convivencia se viven en grande.<\/p>\n","protected":false},"excerpt":{"rendered":"<p>Villa de Pozos, SLP.- Al ritmo de la banda y con el tema\u00a0\u201cAmor de la vida alegre\u201d, Marco Flores y la Jerez encendi\u00f3 el Teatro del Pueblo de la Feria Regional de Villa de Pozos, poniendo a vibrar a miles de asistentes que se dieron cita para disfrutar de una noche llena de m\u00fasica, baile [&hellip;]<\/p>\n","protected":false},"author":1,"featured_media":23471,"comment_status":"open","ping_status":"open","sticky":false,"template":"","format":"standard","meta":{"footnotes":""},"categories":[1],"tags":[4873,261,1068],"class_list":{"0":"post-23470","1":"post","2":"type-post","3":"status-publish","4":"format-standard","5":"has-post-thumbnail","7":"category-destacadas","8":"tag-ferepo2025","9":"tag-slp","10":"tag-villa-de-pozos"},"_links":{"self":[{"href":"https:\/\/cronicadesoledad.com\/index.php\/wp-json\/wp\/v2\/posts\/23470","targetHints":{"allow":["GET"]}}],"collection":[{"href":"https:\/\/cronicadesoledad.com\/index.php\/wp-json\/wp\/v2\/posts"}],"about":[{"href":"https:\/\/cronicadesoledad.com\/index.php\/wp-json\/wp\/v2\/types\/post"}],"author":[{"embeddable":true,"href":"https:\/\/cronicadesoledad.com\/index.php\/wp-json\/wp\/v2\/users\/1"}],"replies":[{"embeddable":true,"href":"https:\/\/cronicadesoledad.com\/index.php\/wp-json\/wp\/v2\/comments?post=23470"}],"version-history":[{"count":1,"href":"https:\/\/cronicadesoledad.com\/index.php\/wp-json\/wp\/v2\/posts\/23470\/revisions"}],"predecessor-version":[{"id":23472,"href":"https:\/\/cronicadesoledad.com\/index.php\/wp-json\/wp\/v2\/posts\/23470\/revisions\/23472"}],"wp:featuredmedia":[{"embeddable":true,"href":"https:\/\/cronicadesoledad.com\/index.php\/wp-json\/wp\/v2\/media\/23471"}],"wp:attachment":[{"href":"https:\/\/cronicadesoledad.com\/index.php\/wp-json\/wp\/v2\/media?parent=23470"}],"wp:term":[{"taxonomy":"category","embeddable":true,"href":"https:\/\/cronicadesoledad.com\/index.php\/wp-json\/wp\/v2\/categories?post=23470"},{"taxonomy":"post_tag","embeddable":true,"href":"https:\/\/cronicadesoledad.com\/index.php\/wp-json\/wp\/v2\/tags?post=23470"}],"curies":[{"name":"wp","href":"https:\/\/api.w.org\/{rel}","templated":true}]}}