{"id":23473,"date":"2025-10-03T12:01:27","date_gmt":"2025-10-03T18:01:27","guid":{"rendered":"https:\/\/cronicadesoledad.com\/?p=23473"},"modified":"2025-10-03T12:01:27","modified_gmt":"2025-10-03T18:01:27","slug":"jovenes-de-villa-de-pozos-adquieren-nuevas-habilidades-para-su-futuro-profesional","status":"publish","type":"post","link":"https:\/\/cronicadesoledad.com\/index.php\/2025\/10\/03\/jovenes-de-villa-de-pozos-adquieren-nuevas-habilidades-para-su-futuro-profesional\/","title":{"rendered":"J\u00d3VENES DE VILLA DE POZOS ADQUIEREN NUEVAS HABILIDADES PARA SU FUTURO PROFESIONAL"},"content":{"rendered":"\n<p>villa de Pozos, SLP.- El Gobierno Municipal de Villa de Pozos, a trav\u00e9s del Instituto Municipal de la Juventud, llev\u00f3 a cabo la entrega de reconocimientos a decenas de alumnas y alumnos que culminaron satisfactoriamente los talleres impartidos dentro del programa \u201cJ\u00f3venes con qu\u00e9 hacer\u201d, cuyo prop\u00f3sito es brindar herramientas pr\u00e1cticas y de formaci\u00f3n para abrir nuevas oportunidades de empleo y emprendimiento.<\/p>\n\n\n\n<p>El titular del Instituto Municipal de la Juventud, Jos\u00e9 de Jes\u00fas Espinosa Ortiz, destac\u00f3 que, gracias a la diversidad de talleres, las y los participantes adquieren habilidades que pueden convertir en una fuente de ingreso, adem\u00e1s de fomentar la creatividad y el liderazgo juvenil.<\/p>\n\n\n\n<p>La oferta formativa incluye cursos como producci\u00f3n musical, muralismo, barber\u00eda, tatuajes, estilismo, aplicaci\u00f3n de u\u00f1as, colocaci\u00f3n de pesta\u00f1as y alaciados progresivos, entre otros, los cuales tienen una aceptaci\u00f3n entre la juventud de la localidad.<\/p>\n\n\n\n<p>Espinosa Ortiz felicit\u00f3 a cada una de las y los j\u00f3venes reconocidos, al tiempo de agradecer a las y los instructores por su compromiso y entrega al compartir sus conocimientos con las nuevas generaciones.<\/p>\n","protected":false},"excerpt":{"rendered":"<p>villa de Pozos, SLP.- El Gobierno Municipal de Villa de Pozos, a trav\u00e9s del Instituto Municipal de la Juventud, llev\u00f3 a cabo la entrega de reconocimientos a decenas de alumnas y alumnos que culminaron satisfactoriamente los talleres impartidos dentro del programa \u201cJ\u00f3venes con qu\u00e9 hacer\u201d, cuyo prop\u00f3sito es brindar herramientas pr\u00e1cticas y de formaci\u00f3n para [&hellip;]<\/p>\n","protected":false},"author":1,"featured_media":23474,"comment_status":"open","ping_status":"open","sticky":false,"template":"","format":"standard","meta":{"footnotes":""},"categories":[24],"tags":[261,1068],"class_list":{"0":"post-23473","1":"post","2":"type-post","3":"status-publish","4":"format-standard","5":"has-post-thumbnail","7":"category-informacion-general","8":"tag-slp","9":"tag-villa-de-pozos"},"_links":{"self":[{"href":"https:\/\/cronicadesoledad.com\/index.php\/wp-json\/wp\/v2\/posts\/23473","targetHints":{"allow":["GET"]}}],"collection":[{"href":"https:\/\/cronicadesoledad.com\/index.php\/wp-json\/wp\/v2\/posts"}],"about":[{"href":"https:\/\/cronicadesoledad.com\/index.php\/wp-json\/wp\/v2\/types\/post"}],"author":[{"embeddable":true,"href":"https:\/\/cronicadesoledad.com\/index.php\/wp-json\/wp\/v2\/users\/1"}],"replies":[{"embeddable":true,"href":"https:\/\/cronicadesoledad.com\/index.php\/wp-json\/wp\/v2\/comments?post=23473"}],"version-history":[{"count":1,"href":"https:\/\/cronicadesoledad.com\/index.php\/wp-json\/wp\/v2\/posts\/23473\/revisions"}],"predecessor-version":[{"id":23475,"href":"https:\/\/cronicadesoledad.com\/index.php\/wp-json\/wp\/v2\/posts\/23473\/revisions\/23475"}],"wp:featuredmedia":[{"embeddable":true,"href":"https:\/\/cronicadesoledad.com\/index.php\/wp-json\/wp\/v2\/media\/23474"}],"wp:attachment":[{"href":"https:\/\/cronicadesoledad.com\/index.php\/wp-json\/wp\/v2\/media?parent=23473"}],"wp:term":[{"taxonomy":"category","embeddable":true,"href":"https:\/\/cronicadesoledad.com\/index.php\/wp-json\/wp\/v2\/categories?post=23473"},{"taxonomy":"post_tag","embeddable":true,"href":"https:\/\/cronicadesoledad.com\/index.php\/wp-json\/wp\/v2\/tags?post=23473"}],"curies":[{"name":"wp","href":"https:\/\/api.w.org\/{rel}","templated":true}]}}