{"id":23501,"date":"2025-10-03T18:33:10","date_gmt":"2025-10-04T00:33:10","guid":{"rendered":"https:\/\/cronicadesoledad.com\/?p=23501"},"modified":"2025-10-03T18:33:10","modified_gmt":"2025-10-04T00:33:10","slug":"avanza-construccion-del-centro-libre-en-soledad","status":"publish","type":"post","link":"https:\/\/cronicadesoledad.com\/index.php\/2025\/10\/03\/avanza-construccion-del-centro-libre-en-soledad\/","title":{"rendered":"Avanza construcci\u00f3n del Centro LIBRE en Soledad"},"content":{"rendered":"\n<p>El Ayuntamiento de <strong>Soledad de Graciano S\u00e1nchez<\/strong>, encabezado por el Alcalde <strong>Juan Manuel Navarro Mu\u00f1iz<\/strong>, inform\u00f3 que la construcci\u00f3n del <strong>Centro \u201cLibertad, Igualdad, Bienestar, Redes y Emancipaci\u00f3n para las Mujeres\u201d (Centro LIBRE)<\/strong> presenta un avance del 65 por ciento. La obra, ubicada en la colonia <strong>Pav\u00f3n<\/strong>, se encuentra en la fase de repellado de muros y plafones, as\u00ed como en la instalaci\u00f3n de sistemas el\u00e9ctricos e hidr\u00e1ulicos; pr\u00f3ximamente se colocar\u00e1n pisos, canceler\u00eda y puertas.<\/p>\n\n\n\n<p>De acuerdo con lo expuesto, este espacio ser\u00e1 el primero en la regi\u00f3n en brindar atenci\u00f3n integral a <strong>mujeres, ni\u00f1as y adolescentes<\/strong>, mediante servicios de acompa\u00f1amiento psicol\u00f3gico, asesor\u00eda legal y actividades de prevenci\u00f3n de la violencia de g\u00e9nero. El centro se proyecta como un punto de referencia para garantizar acceso a servicios especializados y fortalecer pol\u00edticas de igualdad.<\/p>\n\n\n\n<p>El Ayuntamiento indic\u00f3 que el proyecto se desarrolla en coordinaci\u00f3n con instancias estatales y federales, con el objetivo de consolidar un modelo de atenci\u00f3n a la poblaci\u00f3n en situaci\u00f3n de vulnerabilidad y reforzar la infraestructura destinada a la protecci\u00f3n de los derechos humanos.<\/p>\n\n\n\n<p>La obra del <strong>Centro LIBRE<\/strong> representa un paso en la generaci\u00f3n de espacios seguros e inclusivos en <strong>Soledad de Graciano S\u00e1nchez<\/strong>, donde se busca atender necesidades sociales vinculadas a la seguridad, el bienestar y la igualdad sustantiva.<\/p>\n","protected":false},"excerpt":{"rendered":"<p>El Ayuntamiento de Soledad de Graciano S\u00e1nchez, encabezado por el Alcalde Juan Manuel Navarro Mu\u00f1iz, inform\u00f3 que la construcci\u00f3n del Centro \u201cLibertad, Igualdad, Bienestar, Redes y Emancipaci\u00f3n para las Mujeres\u201d (Centro LIBRE) presenta un avance del 65 por ciento. La obra, ubicada en la colonia Pav\u00f3n, se encuentra en la fase de repellado de muros [&hellip;]<\/p>\n","protected":false},"author":2,"featured_media":23502,"comment_status":"open","ping_status":"open","sticky":false,"template":"","format":"standard","meta":{"footnotes":""},"categories":[1,24,21],"tags":[223,4346,294,261,27],"class_list":{"0":"post-23501","1":"post","2":"type-post","3":"status-publish","4":"format-standard","5":"has-post-thumbnail","7":"category-destacadas","8":"category-informacion-general","9":"category-tu-soledad","10":"tag-ayuntamiento-soledense","11":"tag-centro-libre","12":"tag-san-luis","13":"tag-slp","14":"tag-soledad"},"_links":{"self":[{"href":"https:\/\/cronicadesoledad.com\/index.php\/wp-json\/wp\/v2\/posts\/23501","targetHints":{"allow":["GET"]}}],"collection":[{"href":"https:\/\/cronicadesoledad.com\/index.php\/wp-json\/wp\/v2\/posts"}],"about":[{"href":"https:\/\/cronicadesoledad.com\/index.php\/wp-json\/wp\/v2\/types\/post"}],"author":[{"embeddable":true,"href":"https:\/\/cronicadesoledad.com\/index.php\/wp-json\/wp\/v2\/users\/2"}],"replies":[{"embeddable":true,"href":"https:\/\/cronicadesoledad.com\/index.php\/wp-json\/wp\/v2\/comments?post=23501"}],"version-history":[{"count":1,"href":"https:\/\/cronicadesoledad.com\/index.php\/wp-json\/wp\/v2\/posts\/23501\/revisions"}],"predecessor-version":[{"id":23503,"href":"https:\/\/cronicadesoledad.com\/index.php\/wp-json\/wp\/v2\/posts\/23501\/revisions\/23503"}],"wp:featuredmedia":[{"embeddable":true,"href":"https:\/\/cronicadesoledad.com\/index.php\/wp-json\/wp\/v2\/media\/23502"}],"wp:attachment":[{"href":"https:\/\/cronicadesoledad.com\/index.php\/wp-json\/wp\/v2\/media?parent=23501"}],"wp:term":[{"taxonomy":"category","embeddable":true,"href":"https:\/\/cronicadesoledad.com\/index.php\/wp-json\/wp\/v2\/categories?post=23501"},{"taxonomy":"post_tag","embeddable":true,"href":"https:\/\/cronicadesoledad.com\/index.php\/wp-json\/wp\/v2\/tags?post=23501"}],"curies":[{"name":"wp","href":"https:\/\/api.w.org\/{rel}","templated":true}]}}