{"id":23555,"date":"2025-10-06T20:35:33","date_gmt":"2025-10-07T02:35:33","guid":{"rendered":"https:\/\/cronicadesoledad.com\/?p=23555"},"modified":"2025-10-06T20:35:34","modified_gmt":"2025-10-07T02:35:34","slug":"soledad-promueve-habitos-alimenticios-saludables-en-escuelas","status":"publish","type":"post","link":"https:\/\/cronicadesoledad.com\/index.php\/2025\/10\/06\/soledad-promueve-habitos-alimenticios-saludables-en-escuelas\/","title":{"rendered":"Soledad promueve h\u00e1bitos alimenticios saludables en escuelas"},"content":{"rendered":"\n<p>El Ayuntamiento de <strong>Soledad de Graciano S\u00e1nchez<\/strong>, a trav\u00e9s de la <strong>Direcci\u00f3n de Educaci\u00f3n y Acci\u00f3n C\u00edvica Municipal<\/strong>, implementa pl\u00e1ticas de concienciaci\u00f3n en planteles de nivel b\u00e1sico para fomentar una <strong>alimentaci\u00f3n saludable<\/strong> y desalentar el consumo de alimentos ultraprocesados entre ni\u00f1as y ni\u00f1os del municipio.<\/p>\n\n\n\n<p>La titular del \u00e1rea, <strong>Velia Guadalupe Castro Granja<\/strong>, inform\u00f3 que estas actividades se desarrollan en coordinaci\u00f3n con dependencias municipales y con la <strong>Secretar\u00eda de Educaci\u00f3n del Estado<\/strong>, con el apoyo de estudiantes de la <strong>Universidad Pedag\u00f3gica Nacional (UPN)<\/strong>, quienes abordan temas vinculados al bienestar f\u00edsico y emocional de la ni\u00f1ez.<\/p>\n\n\n\n<p>Como parte de estas acciones, en el <strong>Teatro y Centro Cultural de Soledad<\/strong> se realiz\u00f3 un encuentro para la conformaci\u00f3n de los <strong>Consejos de Participaci\u00f3n Escolar<\/strong>, que reuni\u00f3 a madres y padres de familia. Durante la jornada, la Secretar\u00eda de Educaci\u00f3n del Estado ofreci\u00f3 una charla sobre la regulaci\u00f3n de alimentos y comercios en entornos escolares.<\/p>\n\n\n\n<p>El Ayuntamiento se\u00f1al\u00f3 que continuar\u00e1 fortaleciendo la colaboraci\u00f3n con la comunidad educativa y con organizaciones civiles para impulsar entornos escolares m\u00e1s seguros y saludables, priorizando el bienestar de la ni\u00f1ez soledense.<\/p>\n","protected":false},"excerpt":{"rendered":"<p>El Ayuntamiento de Soledad de Graciano S\u00e1nchez, a trav\u00e9s de la Direcci\u00f3n de Educaci\u00f3n y Acci\u00f3n C\u00edvica Municipal, implementa pl\u00e1ticas de concienciaci\u00f3n en planteles de nivel b\u00e1sico para fomentar una alimentaci\u00f3n saludable y desalentar el consumo de alimentos ultraprocesados entre ni\u00f1as y ni\u00f1os del municipio. La titular del \u00e1rea, Velia Guadalupe Castro Granja, inform\u00f3 que [&hellip;]<\/p>\n","protected":false},"author":2,"featured_media":23556,"comment_status":"open","ping_status":"open","sticky":false,"template":"","format":"standard","meta":{"footnotes":""},"categories":[1,24,21],"tags":[566,223,2024,269,294,261,27],"class_list":{"0":"post-23555","1":"post","2":"type-post","3":"status-publish","4":"format-standard","5":"has-post-thumbnail","7":"category-destacadas","8":"category-informacion-general","9":"category-tu-soledad","10":"tag-alimentacion","11":"tag-ayuntamiento-soledense","12":"tag-escuela","13":"tag-salud","14":"tag-san-luis","15":"tag-slp","16":"tag-soledad"},"_links":{"self":[{"href":"https:\/\/cronicadesoledad.com\/index.php\/wp-json\/wp\/v2\/posts\/23555","targetHints":{"allow":["GET"]}}],"collection":[{"href":"https:\/\/cronicadesoledad.com\/index.php\/wp-json\/wp\/v2\/posts"}],"about":[{"href":"https:\/\/cronicadesoledad.com\/index.php\/wp-json\/wp\/v2\/types\/post"}],"author":[{"embeddable":true,"href":"https:\/\/cronicadesoledad.com\/index.php\/wp-json\/wp\/v2\/users\/2"}],"replies":[{"embeddable":true,"href":"https:\/\/cronicadesoledad.com\/index.php\/wp-json\/wp\/v2\/comments?post=23555"}],"version-history":[{"count":1,"href":"https:\/\/cronicadesoledad.com\/index.php\/wp-json\/wp\/v2\/posts\/23555\/revisions"}],"predecessor-version":[{"id":23557,"href":"https:\/\/cronicadesoledad.com\/index.php\/wp-json\/wp\/v2\/posts\/23555\/revisions\/23557"}],"wp:featuredmedia":[{"embeddable":true,"href":"https:\/\/cronicadesoledad.com\/index.php\/wp-json\/wp\/v2\/media\/23556"}],"wp:attachment":[{"href":"https:\/\/cronicadesoledad.com\/index.php\/wp-json\/wp\/v2\/media?parent=23555"}],"wp:term":[{"taxonomy":"category","embeddable":true,"href":"https:\/\/cronicadesoledad.com\/index.php\/wp-json\/wp\/v2\/categories?post=23555"},{"taxonomy":"post_tag","embeddable":true,"href":"https:\/\/cronicadesoledad.com\/index.php\/wp-json\/wp\/v2\/tags?post=23555"}],"curies":[{"name":"wp","href":"https:\/\/api.w.org\/{rel}","templated":true}]}}