{"id":23560,"date":"2025-10-07T12:17:13","date_gmt":"2025-10-07T18:17:13","guid":{"rendered":"https:\/\/cronicadesoledad.com\/?p=23560"},"modified":"2025-10-07T12:17:13","modified_gmt":"2025-10-07T18:17:13","slug":"gobierno-estatal-y-uaslp-logran-acuerdo-financiero-en-un-marco-de-colaboracion-y-respeto-institucional","status":"publish","type":"post","link":"https:\/\/cronicadesoledad.com\/index.php\/2025\/10\/07\/gobierno-estatal-y-uaslp-logran-acuerdo-financiero-en-un-marco-de-colaboracion-y-respeto-institucional\/","title":{"rendered":"Gobierno Estatal y UASLP logran acuerdo financiero en un marco de colaboraci\u00f3n y respeto institucional"},"content":{"rendered":"\n<p>El Secretario General de Gobierno, Jos\u00e9 Guadalupe Torres S\u00e1nchez, inform\u00f3 que, derivado de una reuni\u00f3n sostenida entre el Gobierno del Estado, la Universidad Aut\u00f3noma de San Luis Potos\u00ed (UASLP) y la Secretar\u00eda de Finanzas, se alcanz\u00f3 con \u00e9xito un acuerdo en torno a las diferencias de saldo pendientes, consolidando as\u00ed una soluci\u00f3n definitiva que fortalece la relaci\u00f3n institucional entre ambas partes.<\/p>\n\n\n\n<p>Durante el encuentro participaron el rector de la UASLP, Alejandro Zerme\u00f1o Guerra, y la Secretaria de Finanzas, Ariana Garc\u00eda Vidal, quienes junto con el Secretario General de Gobierno revisaron los montos y compromisos financieros, acordando que los saldos ser\u00e1n cubiertos en su totalidad por el Gobierno del Estado en las pr\u00f3ximas semanas, con el objetivo de que queden concluidos antes del cierre del mes de noviembre.<\/p>\n\n\n\n<p>Torres S\u00e1nchez destac\u00f3 que este acuerdo refleja la voluntad de di\u00e1logo y cooperaci\u00f3n que caracteriza al Gobierno que encabeza Ricardo Gallardo Cardona, y reiter\u00f3 que la educaci\u00f3n ha sido y seguir\u00e1 siendo una prioridad, por lo que la administraci\u00f3n estatal mantiene su compromiso de respaldar a las instituciones educativas que contribuyen al desarrollo acad\u00e9mico y profesional de la juventud potosina.<\/p>\n\n\n\n<p>\u201cCon este entendimiento, reafirmamos el respeto y apoyo que el Gobierno del Estado brinda a la Universidad Aut\u00f3noma de San Luis Potos\u00ed, as\u00ed como a toda la comunidad educativa del estado. La educaci\u00f3n es una inversi\u00f3n, no un gasto, y seguiremos apostando por ella\u201d, enfatiz\u00f3 el Secretario General de Gobierno.<\/p>\n","protected":false},"excerpt":{"rendered":"<p>El Secretario General de Gobierno, Jos\u00e9 Guadalupe Torres S\u00e1nchez, inform\u00f3 que, derivado de una reuni\u00f3n sostenida entre el Gobierno del Estado, la Universidad Aut\u00f3noma de San Luis Potos\u00ed (UASLP) y la Secretar\u00eda de Finanzas, se alcanz\u00f3 con \u00e9xito un acuerdo en torno a las diferencias de saldo pendientes, consolidando as\u00ed una soluci\u00f3n definitiva que fortalece [&hellip;]<\/p>\n","protected":false},"author":21,"featured_media":23561,"comment_status":"open","ping_status":"open","sticky":false,"template":"","format":"standard","meta":{"footnotes":""},"categories":[1],"tags":[4884,4885,294,261],"class_list":{"0":"post-23560","1":"post","2":"type-post","3":"status-publish","4":"format-standard","5":"has-post-thumbnail","7":"category-destacadas","8":"tag-gobierno-estatal-y-uaslp","9":"tag-institucional","10":"tag-san-luis","11":"tag-slp"},"_links":{"self":[{"href":"https:\/\/cronicadesoledad.com\/index.php\/wp-json\/wp\/v2\/posts\/23560","targetHints":{"allow":["GET"]}}],"collection":[{"href":"https:\/\/cronicadesoledad.com\/index.php\/wp-json\/wp\/v2\/posts"}],"about":[{"href":"https:\/\/cronicadesoledad.com\/index.php\/wp-json\/wp\/v2\/types\/post"}],"author":[{"embeddable":true,"href":"https:\/\/cronicadesoledad.com\/index.php\/wp-json\/wp\/v2\/users\/21"}],"replies":[{"embeddable":true,"href":"https:\/\/cronicadesoledad.com\/index.php\/wp-json\/wp\/v2\/comments?post=23560"}],"version-history":[{"count":1,"href":"https:\/\/cronicadesoledad.com\/index.php\/wp-json\/wp\/v2\/posts\/23560\/revisions"}],"predecessor-version":[{"id":23562,"href":"https:\/\/cronicadesoledad.com\/index.php\/wp-json\/wp\/v2\/posts\/23560\/revisions\/23562"}],"wp:featuredmedia":[{"embeddable":true,"href":"https:\/\/cronicadesoledad.com\/index.php\/wp-json\/wp\/v2\/media\/23561"}],"wp:attachment":[{"href":"https:\/\/cronicadesoledad.com\/index.php\/wp-json\/wp\/v2\/media?parent=23560"}],"wp:term":[{"taxonomy":"category","embeddable":true,"href":"https:\/\/cronicadesoledad.com\/index.php\/wp-json\/wp\/v2\/categories?post=23560"},{"taxonomy":"post_tag","embeddable":true,"href":"https:\/\/cronicadesoledad.com\/index.php\/wp-json\/wp\/v2\/tags?post=23560"}],"curies":[{"name":"wp","href":"https:\/\/api.w.org\/{rel}","templated":true}]}}