{"id":23569,"date":"2025-10-07T21:18:13","date_gmt":"2025-10-08T03:18:13","guid":{"rendered":"https:\/\/cronicadesoledad.com\/?p=23569"},"modified":"2025-10-07T21:18:14","modified_gmt":"2025-10-08T03:18:14","slug":"inicia-organizacion-de-comerciantes-en-panteones-de-soledad-por-dia-de-muertos","status":"publish","type":"post","link":"https:\/\/cronicadesoledad.com\/index.php\/2025\/10\/07\/inicia-organizacion-de-comerciantes-en-panteones-de-soledad-por-dia-de-muertos\/","title":{"rendered":"Inicia organizaci\u00f3n de comerciantes en panteones de Soledad por D\u00eda de Muertos"},"content":{"rendered":"\n<p>El Ayuntamiento de <strong>Soledad de Graciano S\u00e1nchez<\/strong>, a trav\u00e9s de la <strong>Direcci\u00f3n de Comercio Municipal<\/strong>, comenz\u00f3 el proceso de organizaci\u00f3n y tr\u00e1mite de permisos para los m\u00e1s de <strong>500 comerciantes<\/strong> que se instalar\u00e1n del <strong>31 de octubre al 2 de noviembre<\/strong> en los panteones del municipio durante las festividades de <strong>D\u00eda de Muertos<\/strong>.<\/p>\n\n\n\n<p>La titular del \u00e1rea, <strong>Patricia Cuevas Ovalle<\/strong>, inform\u00f3 que la distribuci\u00f3n de espacios incluye la delimitaci\u00f3n mediante pintado de \u00e1reas en los panteones <strong>Nuestra Se\u00f1ora del Refugio<\/strong>, <strong>El Morro<\/strong>, <strong>El Se\u00f1or de la Misericordia<\/strong> y <strong>Arboledas<\/strong>. Se prev\u00e9 la instalaci\u00f3n de aproximadamente <strong>200 comerciantes<\/strong> en el primer cementerio, <strong>130 en El Morro<\/strong> y <strong>100 en El Se\u00f1or de la Misericordia<\/strong>, quienes ofrecer\u00e1n flores y alimentos tradicionales de la temporada.<\/p>\n\n\n\n<p>Para garantizar el funcionamiento adecuado, la Direcci\u00f3n de Comercio trabaja en coordinaci\u00f3n con <strong>Protecci\u00f3n Civil<\/strong>, <strong>Ecolog\u00eda<\/strong>, <strong>COEPRIS<\/strong> y <strong>Guardia Civil Municipal<\/strong>, implementando medidas relacionadas con supervisi\u00f3n sanitaria, movilidad, recolecci\u00f3n de residuos y atenci\u00f3n a emergencias.<\/p>\n\n\n\n<p>La funcionaria invit\u00f3 a las y los comerciantes interesados a acudir con anticipaci\u00f3n a las oficinas de Comercio Municipal ubicadas en <strong>Ignacio Aldama No. 112<\/strong>, con el fin de completar el tr\u00e1mite correspondiente y mantener un control ordenado de la actividad comercial durante las visitas a los panteones.<\/p>\n","protected":false},"excerpt":{"rendered":"<p>El Ayuntamiento de Soledad de Graciano S\u00e1nchez, a trav\u00e9s de la Direcci\u00f3n de Comercio Municipal, comenz\u00f3 el proceso de organizaci\u00f3n y tr\u00e1mite de permisos para los m\u00e1s de 500 comerciantes que se instalar\u00e1n del 31 de octubre al 2 de noviembre en los panteones del municipio durante las festividades de D\u00eda de Muertos. La titular [&hellip;]<\/p>\n","protected":false},"author":2,"featured_media":23570,"comment_status":"open","ping_status":"open","sticky":false,"template":"","format":"standard","meta":{"footnotes":""},"categories":[1,24,21],"tags":[223,378,2791,294,261,27],"class_list":{"0":"post-23569","1":"post","2":"type-post","3":"status-publish","4":"format-standard","5":"has-post-thumbnail","7":"category-destacadas","8":"category-informacion-general","9":"category-tu-soledad","10":"tag-ayuntamiento-soledense","11":"tag-comercio","12":"tag-dia-de-muertos-3","13":"tag-san-luis","14":"tag-slp","15":"tag-soledad"},"_links":{"self":[{"href":"https:\/\/cronicadesoledad.com\/index.php\/wp-json\/wp\/v2\/posts\/23569","targetHints":{"allow":["GET"]}}],"collection":[{"href":"https:\/\/cronicadesoledad.com\/index.php\/wp-json\/wp\/v2\/posts"}],"about":[{"href":"https:\/\/cronicadesoledad.com\/index.php\/wp-json\/wp\/v2\/types\/post"}],"author":[{"embeddable":true,"href":"https:\/\/cronicadesoledad.com\/index.php\/wp-json\/wp\/v2\/users\/2"}],"replies":[{"embeddable":true,"href":"https:\/\/cronicadesoledad.com\/index.php\/wp-json\/wp\/v2\/comments?post=23569"}],"version-history":[{"count":1,"href":"https:\/\/cronicadesoledad.com\/index.php\/wp-json\/wp\/v2\/posts\/23569\/revisions"}],"predecessor-version":[{"id":23571,"href":"https:\/\/cronicadesoledad.com\/index.php\/wp-json\/wp\/v2\/posts\/23569\/revisions\/23571"}],"wp:featuredmedia":[{"embeddable":true,"href":"https:\/\/cronicadesoledad.com\/index.php\/wp-json\/wp\/v2\/media\/23570"}],"wp:attachment":[{"href":"https:\/\/cronicadesoledad.com\/index.php\/wp-json\/wp\/v2\/media?parent=23569"}],"wp:term":[{"taxonomy":"category","embeddable":true,"href":"https:\/\/cronicadesoledad.com\/index.php\/wp-json\/wp\/v2\/categories?post=23569"},{"taxonomy":"post_tag","embeddable":true,"href":"https:\/\/cronicadesoledad.com\/index.php\/wp-json\/wp\/v2\/tags?post=23569"}],"curies":[{"name":"wp","href":"https:\/\/api.w.org\/{rel}","templated":true}]}}