{"id":23578,"date":"2025-10-08T12:39:41","date_gmt":"2025-10-08T18:39:41","guid":{"rendered":"https:\/\/cronicadesoledad.com\/?p=23578"},"modified":"2025-10-08T12:39:42","modified_gmt":"2025-10-08T18:39:42","slug":"regresan-a-mexico-los-seis-mexicanos-detenidos-en-israel","status":"publish","type":"post","link":"https:\/\/cronicadesoledad.com\/index.php\/2025\/10\/08\/regresan-a-mexico-los-seis-mexicanos-detenidos-en-israel\/","title":{"rendered":"Regresan a M\u00e9xico los seis mexicanos detenidos en Israel"},"content":{"rendered":"\n<h2 class=\"wp-block-heading\">Aterrizan en la Ciudad de M\u00e9xico tras ser repatriados con apoyo diplom\u00e1tico.<\/h2>\n\n\n\n<p>CIUDAD DE M\u00c9XICO.\u2013 La ma\u00f1ana de este mi\u00e9rcoles arribaron al Aeropuerto Internacional de la Ciudad de M\u00e9xico (AICM) los seis ciudadanos mexicanos que fueron detenidos el pasado 1 de octubre por autoridades israel\u00edes mientras navegaban en aguas internacionales como parte de la Flotilla Global Sumud.<\/p>\n\n\n\n<p>La aeronave de Turkish Airlines, procedente del Aeropuerto de Estambul, despeg\u00f3 a las 2:03 horas y aterriz\u00f3 en la puerta E3 de la Terminal 1. A bordo viajaban Sol Gonz\u00e1lez Egu\u00eda, Ernesto Ledesma Arronte, Arl\u00edn Medrano Guzm\u00e1n, Carlos P\u00e9rez Osorio, Diego V\u00e1zquez Galindo y Laura Alejandra V\u00e9lez Ruiz Gait\u00e1n, quienes estuvieron acompa\u00f1ados por el embajador de M\u00e9xico en Jerusal\u00e9n, Mauricio Escareno.<\/p>\n\n\n\n<p>ESCALA DIPLOM\u00c1TICA EN JORDANIA<\/p>\n\n\n\n<p>Antes de llegar a territorio mexicano, el grupo hizo una escala en Jordania, donde fue recibido por el c\u00f3nsul Alberto Fierro, como parte del operativo de repatriaci\u00f3n coordinado por la Secretar\u00eda de Relaciones Exteriores (SRE).<\/p>\n\n\n\n<p>Desde su detenci\u00f3n, la Canciller\u00eda mexicana intervino para brindar asistencia consular inmediata y gestionar su retorno seguro al pa\u00eds.<\/p>\n\n\n\n<p>RECEPCI\u00d3N EN EL AEROPUERTO<\/p>\n\n\n\n<p>A su llegada, integrantes del Global Movement to Gaza M\u00e9xico convocaron a simpatizantes de la causa palestina para recibir a los connacionales. No obstante, se inform\u00f3 que el acto ser\u00eda de car\u00e1cter privado, con la participaci\u00f3n de familiares y funcionarios de la SRE.<\/p>\n","protected":false},"excerpt":{"rendered":"<p>Aterrizan en la Ciudad de M\u00e9xico tras ser repatriados con apoyo diplom\u00e1tico. CIUDAD DE M\u00c9XICO.\u2013 La ma\u00f1ana de este mi\u00e9rcoles arribaron al Aeropuerto Internacional de la Ciudad de M\u00e9xico (AICM) los seis ciudadanos mexicanos que fueron detenidos el pasado 1 de octubre por autoridades israel\u00edes mientras navegaban en aguas internacionales como parte de la Flotilla [&hellip;]<\/p>\n","protected":false},"author":21,"featured_media":23579,"comment_status":"open","ping_status":"open","sticky":false,"template":"","format":"standard","meta":{"footnotes":""},"categories":[1],"tags":[343,4888,287],"class_list":{"0":"post-23578","1":"post","2":"type-post","3":"status-publish","4":"format-standard","5":"has-post-thumbnail","7":"category-destacadas","8":"tag-israel","9":"tag-mexico-3","10":"tag-nacional"},"_links":{"self":[{"href":"https:\/\/cronicadesoledad.com\/index.php\/wp-json\/wp\/v2\/posts\/23578","targetHints":{"allow":["GET"]}}],"collection":[{"href":"https:\/\/cronicadesoledad.com\/index.php\/wp-json\/wp\/v2\/posts"}],"about":[{"href":"https:\/\/cronicadesoledad.com\/index.php\/wp-json\/wp\/v2\/types\/post"}],"author":[{"embeddable":true,"href":"https:\/\/cronicadesoledad.com\/index.php\/wp-json\/wp\/v2\/users\/21"}],"replies":[{"embeddable":true,"href":"https:\/\/cronicadesoledad.com\/index.php\/wp-json\/wp\/v2\/comments?post=23578"}],"version-history":[{"count":1,"href":"https:\/\/cronicadesoledad.com\/index.php\/wp-json\/wp\/v2\/posts\/23578\/revisions"}],"predecessor-version":[{"id":23580,"href":"https:\/\/cronicadesoledad.com\/index.php\/wp-json\/wp\/v2\/posts\/23578\/revisions\/23580"}],"wp:featuredmedia":[{"embeddable":true,"href":"https:\/\/cronicadesoledad.com\/index.php\/wp-json\/wp\/v2\/media\/23579"}],"wp:attachment":[{"href":"https:\/\/cronicadesoledad.com\/index.php\/wp-json\/wp\/v2\/media?parent=23578"}],"wp:term":[{"taxonomy":"category","embeddable":true,"href":"https:\/\/cronicadesoledad.com\/index.php\/wp-json\/wp\/v2\/categories?post=23578"},{"taxonomy":"post_tag","embeddable":true,"href":"https:\/\/cronicadesoledad.com\/index.php\/wp-json\/wp\/v2\/tags?post=23578"}],"curies":[{"name":"wp","href":"https:\/\/api.w.org\/{rel}","templated":true}]}}