{"id":23584,"date":"2025-10-08T13:00:14","date_gmt":"2025-10-08T19:00:14","guid":{"rendered":"https:\/\/cronicadesoledad.com\/?p=23584"},"modified":"2025-10-08T13:00:14","modified_gmt":"2025-10-08T19:00:14","slug":"sheinbaum-responde-a-trump-sobre-renegociacion-del-t-mec-el-tratado-es-ley-en-los-tres-paises","status":"publish","type":"post","link":"https:\/\/cronicadesoledad.com\/index.php\/2025\/10\/08\/sheinbaum-responde-a-trump-sobre-renegociacion-del-t-mec-el-tratado-es-ley-en-los-tres-paises\/","title":{"rendered":"Sheinbaum responde a Trump sobre \u2018renegociaci\u00f3n\u2019 del T-MEC: \u2018El tratado es ley en los tres pa\u00edses\u2019"},"content":{"rendered":"\n<h2 class=\"wp-block-heading\">Estos fueron los temas m\u00e1s importantes de la conferencia matutina de la presidenta Sheinbaum.<\/h2>\n\n\n\n<p>La\u00a0<strong>presidenta Claudia Sheinbaum<\/strong>\u00a0habl\u00f3 sobre las declaraciones de su hom\u00f3logo de Estados Unidos, Donald Trump, quien plante\u00f3 una\u00a0posible renegociaci\u00f3n del T-MEC\u00a0en 2026. Sheinbaum destac\u00f3 que ser\u00eda un proceso dif\u00edcil cambiar el Tratado que ya es ley en los tres pa\u00edses.<\/p>\n\n\n\n<h2 class=\"wp-block-heading\">\u2018El T-MEC es ley\u2019: Sheinbaum responde a Trump sobre \u2018renegociaci\u00f3n\u2019 del Tratado<\/h2>\n\n\n\n<p>Claudia Sheinbaum respondi\u00f3 a las declaraciones del presidente Donald Trump sobre la\u00a0posible renegociaci\u00f3n del Tratado entre M\u00e9xico, Estados Unidos y Canad\u00e1 (T-MEC) para 2026.<\/p>\n\n\n\n<p>\u201cEl T-MEC es ley\u00a0<strong>en Canad\u00e1, EU y en M\u00e9xico<\/strong>, porque pas\u00f3 por el Congreso. Si quisiera cambiarse ser\u00eda un proceso muy profundo\u201d, puntualiz\u00f3 la mandataria.<\/p>\n\n\n\n<p>Sin embargo, la presidenta tambi\u00e9n precis\u00f3 que es posible la realizaci\u00f3n de reuniones bilaterales o trilaterales, pero no afectan al tratado.<\/p>\n\n\n\n<p>\u201cTrump lo mencion\u00f3 durante la visita del ministro Carney, pero nosotros no tenemos ninguna\u00a0<strong>informaci\u00f3n adicional<\/strong>\u00a0de c\u00f3mo se llevar\u00e1n a cabo las revisiones\u201d, a\u00f1adi\u00f3.<\/p>\n\n\n\n<h2 class=\"wp-block-heading\">\u2018Es lamentable este caso\u2019: Sheinbaum sobre ataque a \u2018Don Nico\u2019 por denunciar baches en Guanajuato<\/h2>\n\n\n\n<p>La presidenta Sheinbaum asegur\u00f3 que\u00a0es \u201clamentable\u201d el caso de \u2018Don Nico\u2019\u00a0un hombre que fue baleado durante una transmisi\u00f3n en vivo para denunciar baches en Salvatierra, Guanajuato.<\/p>\n\n\n\n<p><strong>Sheinbaum<\/strong>&nbsp;agreg\u00f3 que pidi\u00f3 sea revisado por el gabinete de seguridad para atender el tema.<\/p>\n\n\n\n<p>\u2018Don Nico\u2019 recibi\u00f3 13 disparos de arma de fuego por dos hombres que viajaban a bordo de una moto.<\/p>\n\n\n\n<p>Como parte de sus&nbsp;<strong>\u00faltimas palabras en el video<\/strong>, el hombre pidi\u00f3 a su esposa que cuidara de sus hijos, pero las autoridades de Guanajuato no han confirmado la muerte de \u2018Don Nico\u2019.<\/p>\n\n\n\n<h2 class=\"wp-block-heading\">Sheinbaum explica c\u00f3mo ser\u00e1 la correcci\u00f3n al art\u00edculo transitorio en la Ley de Amparo<\/h2>\n\n\n\n<p>Sobre el\u00a0pol\u00e9mico art\u00edculo transitorio de la Ley de Amparo, la presidenta Claudia Sheinbaum admiti\u00f3 que queda muy confusa la redacci\u00f3n del mismo y es importante que se aclare.<\/p>\n\n\n\n<p>\u201cLa forma de hacerlo es con una<strong>&nbsp;fe de erratas,<\/strong>&nbsp;pero se decidi\u00f3 que en Diputados se discuta, aprueben lo que decidan y se regrese al Senado para su aprobaci\u00f3n\u201d, explic\u00f3 la mandataria.<\/p>\n\n\n\n<p>Ante la pregunta sobre si la presidenta sabe qui\u00e9n \u2018meti\u00f3 mano\u2019 en dicho art\u00edculo, Sheinbaum respondi\u00f3 que lo importante es que para los legisladores quede clara la importancia de hacer dicha correcci\u00f3n.<\/p>\n\n\n\n<p>Recientemente, el<strong>\u00a0senador de Morena, Manuel Huerta<\/strong>, rechaz\u00f3 que Ad\u00e1n Augusto L\u00f3pez, haya influido en la inclusi\u00f3n del art\u00edculo transitorio que permitir\u00eda aplicar\u00a0retroactivamente en la nueva Ley de Amparo, lo que ha generado controversia por su posible impacto en derechos humanos.<\/p>\n","protected":false},"excerpt":{"rendered":"<p>Estos fueron los temas m\u00e1s importantes de la conferencia matutina de la presidenta Sheinbaum. La\u00a0presidenta Claudia Sheinbaum\u00a0habl\u00f3 sobre las declaraciones de su hom\u00f3logo de Estados Unidos, Donald Trump, quien plante\u00f3 una\u00a0posible renegociaci\u00f3n del T-MEC\u00a0en 2026. Sheinbaum destac\u00f3 que ser\u00eda un proceso dif\u00edcil cambiar el Tratado que ya es ley en los tres pa\u00edses. \u2018El T-MEC [&hellip;]<\/p>\n","protected":false},"author":21,"featured_media":23585,"comment_status":"open","ping_status":"open","sticky":false,"template":"","format":"standard","meta":{"footnotes":""},"categories":[1],"tags":[],"class_list":{"0":"post-23584","1":"post","2":"type-post","3":"status-publish","4":"format-standard","5":"has-post-thumbnail","7":"category-destacadas"},"_links":{"self":[{"href":"https:\/\/cronicadesoledad.com\/index.php\/wp-json\/wp\/v2\/posts\/23584","targetHints":{"allow":["GET"]}}],"collection":[{"href":"https:\/\/cronicadesoledad.com\/index.php\/wp-json\/wp\/v2\/posts"}],"about":[{"href":"https:\/\/cronicadesoledad.com\/index.php\/wp-json\/wp\/v2\/types\/post"}],"author":[{"embeddable":true,"href":"https:\/\/cronicadesoledad.com\/index.php\/wp-json\/wp\/v2\/users\/21"}],"replies":[{"embeddable":true,"href":"https:\/\/cronicadesoledad.com\/index.php\/wp-json\/wp\/v2\/comments?post=23584"}],"version-history":[{"count":1,"href":"https:\/\/cronicadesoledad.com\/index.php\/wp-json\/wp\/v2\/posts\/23584\/revisions"}],"predecessor-version":[{"id":23586,"href":"https:\/\/cronicadesoledad.com\/index.php\/wp-json\/wp\/v2\/posts\/23584\/revisions\/23586"}],"wp:featuredmedia":[{"embeddable":true,"href":"https:\/\/cronicadesoledad.com\/index.php\/wp-json\/wp\/v2\/media\/23585"}],"wp:attachment":[{"href":"https:\/\/cronicadesoledad.com\/index.php\/wp-json\/wp\/v2\/media?parent=23584"}],"wp:term":[{"taxonomy":"category","embeddable":true,"href":"https:\/\/cronicadesoledad.com\/index.php\/wp-json\/wp\/v2\/categories?post=23584"},{"taxonomy":"post_tag","embeddable":true,"href":"https:\/\/cronicadesoledad.com\/index.php\/wp-json\/wp\/v2\/tags?post=23584"}],"curies":[{"name":"wp","href":"https:\/\/api.w.org\/{rel}","templated":true}]}}