{"id":23603,"date":"2025-10-09T12:40:09","date_gmt":"2025-10-09T18:40:09","guid":{"rendered":"https:\/\/cronicadesoledad.com\/?p=23603"},"modified":"2025-10-09T12:40:12","modified_gmt":"2025-10-09T18:40:12","slug":"inauguran-en-queretaro-la-primera-planta-de-hidrogeno-verde-en-operacion-comercial-de-mexico","status":"publish","type":"post","link":"https:\/\/cronicadesoledad.com\/index.php\/2025\/10\/09\/inauguran-en-queretaro-la-primera-planta-de-hidrogeno-verde-en-operacion-comercial-de-mexico\/","title":{"rendered":"Inauguran en Quer\u00e9taro la primera planta de hidr\u00f3geno verde en operaci\u00f3n comercial de M\u00e9xico"},"content":{"rendered":"\n<h2 class=\"wp-block-heading\">El proyecto marca un hito en la transici\u00f3n energ\u00e9tica y refuerza la competitividad industrial del pa\u00eds.<\/h2>\n\n\n\n<p>La empresa Cryoinfra inaugur\u00f3 en Quer\u00e9taro la primera planta de hidr\u00f3geno \u201cverde\u201d en operaci\u00f3n comercial de M\u00e9xico, ubicada dentro de las instalaciones de Gerresheimer, compa\u00f1\u00eda del sector farmac\u00e9utico. La puesta en marcha de esta instalaci\u00f3n coincide con la conmemoraci\u00f3n del D\u00eda Mundial del Hidr\u00f3geno y representa un paso hist\u00f3rico hacia la descarbonizaci\u00f3n de la industria nacional.<\/p>\n\n\n\n<p>UN HITO EN LA TRANSICI\u00d3N ENERG\u00c9TICA MEXICANA<\/p>\n\n\n\n<p>\u201cEste proyecto marca un hito hist\u00f3rico: es la primera instalaci\u00f3n de este tipo en operaci\u00f3n comercial en M\u00e9xico, y su puesta en marcha simboliza el compromiso del sector industrial con la transici\u00f3n energ\u00e9tica, la descarbonizaci\u00f3n y la innovaci\u00f3n en procesos productivos\u201d, destac\u00f3 Cryoinfra en un comunicado.<\/p>\n\n\n\n<p>La planta tendr\u00e1 capacidad para suministrar a Gerresheimer 500 metros c\u00fabicos diarios de hidr\u00f3geno verde, utilizados en sus procesos de formado de vidrio farmac\u00e9utico.<\/p>\n\n\n\n<p>PRODUCCI\u00d3N LIMPIA Y SIN EMISIONES<\/p>\n\n\n\n<p>El hidr\u00f3geno ser\u00e1 generado mediante electrolizadores alimentados con energ\u00eda e\u00f3lica proveniente de un parque renovable local, lo que garantiza un proceso libre de emisiones directas de di\u00f3xido de carbono.<\/p>\n\n\n\n<p>\u201cCon esta planta damos un paso tangible hacia la descarbonizaci\u00f3n industrial en M\u00e9xico. Es un modelo replicable que demuestra la viabilidad del hidr\u00f3geno verde como insumo estrat\u00e9gico para la industria local\u201d, se\u00f1al\u00f3 Israel Hurtado, presidente de la Asociaci\u00f3n Mexicana de Hidr\u00f3geno y Transici\u00f3n Energ\u00e9tica (AMHTE).<\/p>\n\n\n\n<p>El dise\u00f1o de la instalaci\u00f3n optimiza el uso del recurso h\u00eddrico, reduciendo el consumo de agua y sustituyendo el uso de combustibles f\u00f3siles, como el gas natural, en procesos industriales. Adem\u00e1s, al suministrarse directamente al cliente sin transporte intermedio, se eliminan las emisiones log\u00edsticas y las p\u00e9rdidas por traslado.<\/p>\n\n\n\n<p>BENEFICIOS ECON\u00d3MICOS Y TECNOL\u00d3GICOS<\/p>\n\n\n\n<p>Durante la inauguraci\u00f3n, Hurtado subray\u00f3 que M\u00e9xico cuenta con ventajas competitivas notables en la producci\u00f3n de hidr\u00f3geno verde, con costos hasta 64 por ciento inferiores a los de pa\u00edses con menor potencial renovable.<\/p>\n\n\n\n<p>De acuerdo con estimaciones del sector, la industria del hidr\u00f3geno verde podr\u00eda atraer inversiones de hasta 60 mil millones de d\u00f3lares y generar cerca de 3 millones de empleos hacia 2050. Actualmente, el pa\u00eds cuenta con una cartera de proyectos equivalente a 7 gigawatts sin requerir subsidios.<\/p>\n\n\n\n<p>LIDERAZGO REGIONAL EN HIDR\u00d3GENO LIMPIO<\/p>\n\n\n\n<p>\u201cHoy que se celebra el D\u00eda Mundial del Hidr\u00f3geno tambi\u00e9n es un d\u00eda hist\u00f3rico para M\u00e9xico, porque es el comienzo de una industria que traer\u00e1 beneficios econ\u00f3micos, tecnol\u00f3gicos y ambientales\u201d, enfatiz\u00f3 Hurtado.<\/p>\n\n\n\n<p>El evento inaugural cont\u00f3 con la presencia del gobernador de Quer\u00e9taro, Mauricio Kuri; del presidente de la AMHTE, Israel Hurtado; y del consejero de Cryoinfra, Marcos Franco.<\/p>\n\n\n\n<p>En Am\u00e9rica Latina, menos del 0.4 por ciento del hidr\u00f3geno producido es de origen verde; con este proyecto, M\u00e9xico se coloca a la vanguardia en el desarrollo de energ\u00eda limpia y competitiva para el sector industrial.<br><\/p>\n","protected":false},"excerpt":{"rendered":"<p>El proyecto marca un hito en la transici\u00f3n energ\u00e9tica y refuerza la competitividad industrial del pa\u00eds. La empresa Cryoinfra inaugur\u00f3 en Quer\u00e9taro la primera planta de hidr\u00f3geno \u201cverde\u201d en operaci\u00f3n comercial de M\u00e9xico, ubicada dentro de las instalaciones de Gerresheimer, compa\u00f1\u00eda del sector farmac\u00e9utico. La puesta en marcha de esta instalaci\u00f3n coincide con la conmemoraci\u00f3n [&hellip;]<\/p>\n","protected":false},"author":21,"featured_media":23604,"comment_status":"open","ping_status":"open","sticky":false,"template":"","format":"standard","meta":{"footnotes":""},"categories":[1],"tags":[287],"class_list":{"0":"post-23603","1":"post","2":"type-post","3":"status-publish","4":"format-standard","5":"has-post-thumbnail","7":"category-destacadas","8":"tag-nacional"},"_links":{"self":[{"href":"https:\/\/cronicadesoledad.com\/index.php\/wp-json\/wp\/v2\/posts\/23603","targetHints":{"allow":["GET"]}}],"collection":[{"href":"https:\/\/cronicadesoledad.com\/index.php\/wp-json\/wp\/v2\/posts"}],"about":[{"href":"https:\/\/cronicadesoledad.com\/index.php\/wp-json\/wp\/v2\/types\/post"}],"author":[{"embeddable":true,"href":"https:\/\/cronicadesoledad.com\/index.php\/wp-json\/wp\/v2\/users\/21"}],"replies":[{"embeddable":true,"href":"https:\/\/cronicadesoledad.com\/index.php\/wp-json\/wp\/v2\/comments?post=23603"}],"version-history":[{"count":1,"href":"https:\/\/cronicadesoledad.com\/index.php\/wp-json\/wp\/v2\/posts\/23603\/revisions"}],"predecessor-version":[{"id":23605,"href":"https:\/\/cronicadesoledad.com\/index.php\/wp-json\/wp\/v2\/posts\/23603\/revisions\/23605"}],"wp:featuredmedia":[{"embeddable":true,"href":"https:\/\/cronicadesoledad.com\/index.php\/wp-json\/wp\/v2\/media\/23604"}],"wp:attachment":[{"href":"https:\/\/cronicadesoledad.com\/index.php\/wp-json\/wp\/v2\/media?parent=23603"}],"wp:term":[{"taxonomy":"category","embeddable":true,"href":"https:\/\/cronicadesoledad.com\/index.php\/wp-json\/wp\/v2\/categories?post=23603"},{"taxonomy":"post_tag","embeddable":true,"href":"https:\/\/cronicadesoledad.com\/index.php\/wp-json\/wp\/v2\/tags?post=23603"}],"curies":[{"name":"wp","href":"https:\/\/api.w.org\/{rel}","templated":true}]}}