{"id":23606,"date":"2025-10-09T12:42:00","date_gmt":"2025-10-09T18:42:00","guid":{"rendered":"https:\/\/cronicadesoledad.com\/?p=23606"},"modified":"2025-10-09T12:44:41","modified_gmt":"2025-10-09T18:44:41","slug":"defiende-norona-uso-de-avion-privado","status":"publish","type":"post","link":"https:\/\/cronicadesoledad.com\/index.php\/2025\/10\/09\/defiende-norona-uso-de-avion-privado\/","title":{"rendered":"Defiende Noro\u00f1a uso de avi\u00f3n privado"},"content":{"rendered":"\n<h2 class=\"wp-block-heading\">El senador afirma que fue un \u201cvuelo necesario\u201d y que no se usaron recursos p\u00fablicos.<\/h2>\n\n\n\n<p>El senador morenista Gerardo Fern\u00e1ndez Noro\u00f1a justific\u00f3 haber viajado en un avi\u00f3n privado durante su gira por Coahuila y asegur\u00f3 que lo hizo por razones de tiempo, no de lujo, adem\u00e1s de aclarar que el costo del vuelo no se cubri\u00f3 con recursos p\u00fablicos.<\/p>\n\n\n\n<p>UN \u201cTAXI A\u00c9REO\u201d NECESARIO<\/p>\n\n\n\n<p>Previo al inicio de la sesi\u00f3n en el Senado, Fern\u00e1ndez Noro\u00f1a explic\u00f3 que la \u201ccompa\u00f1era Presidenta\u201d Claudia Sheinbaum ha se\u00f1alado que, cuando las circunstancias lo exigen, es v\u00e1lido recurrir a lo que denomin\u00f3 un \u201ctaxi a\u00e9reo\u201d.<\/p>\n\n\n\n<p>\u201cLa compa\u00f1era Presidenta dijo claramente que cuando es necesario se pod\u00eda\u201d, coment\u00f3.<\/p>\n\n\n\n<p>Al ser cuestionado sobre si su caso justificaba ese tipo de traslado, respondi\u00f3:<\/p>\n\n\n\n<p>\u201cClaro, porque ten\u00eda yo poco tiempo para hacer la gira. Estuve en Torre\u00f3n, Francisco I. Madero, Piedras Negras y Acu\u00f1a en dos d\u00edas. Por supuesto que requer\u00eda moverme con mayor rapidez\u201d.<\/p>\n\n\n\n<p>NIEGA USO DE RECURSOS P\u00daBLICOS<\/p>\n\n\n\n<p>El legislador detall\u00f3 que la aeronave utilizada era de dimensiones reducidas y que no existe irregularidad alguna.<\/p>\n\n\n\n<p>\u201cMe parece que cuando se requiere un vuelo privado, hay que hacerlo. O sea, no hay ninguna situaci\u00f3n incorrecta. Es un avi\u00f3n bastante peque\u00f1o, cuatro plazas solamente. Pero no voy a caer en la insidia\u201d, expres\u00f3.<\/p>\n\n\n\n<p>Fern\u00e1ndez Noro\u00f1a tambi\u00e9n responsabiliz\u00f3 al Gobierno priista de Coahuila por la difusi\u00f3n del video en el que se le observa descendiendo del avi\u00f3n, asegurando que fue publicado \u201cde manera ilegal\u201d.<\/p>\n\n\n\n<p>\u201cPues claro que no se pag\u00f3 con recursos p\u00fablicos, de ninguna manera, qu\u00e9 bueno que me preguntas eso. Absolutamente no se pag\u00f3 con recursos p\u00fablicos\u201d, subray\u00f3.<\/p>\n\n\n\n<p>EL COSTO DEL VIAJE<\/p>\n\n\n\n<p>De acuerdo con una publicaci\u00f3n, el senador vol\u00f3 el pasado fin de semana en un avi\u00f3n privado de lujo con un costo estimado de 2 mil d\u00f3lares por hora. En total, habr\u00eda rentado la aeronave por seis horas de vuelo y una pernocta adicional, con un monto aproximado de 14 mil d\u00f3lares, equivalentes a unos 280 mil pesos.<br><\/p>\n","protected":false},"excerpt":{"rendered":"<p>El senador afirma que fue un \u201cvuelo necesario\u201d y que no se usaron recursos p\u00fablicos. El senador morenista Gerardo Fern\u00e1ndez Noro\u00f1a justific\u00f3 haber viajado en un avi\u00f3n privado durante su gira por Coahuila y asegur\u00f3 que lo hizo por razones de tiempo, no de lujo, adem\u00e1s de aclarar que el costo del vuelo no se [&hellip;]<\/p>\n","protected":false},"author":21,"featured_media":23607,"comment_status":"open","ping_status":"open","sticky":false,"template":"","format":"standard","meta":{"footnotes":""},"categories":[1],"tags":[4893,287,4892],"class_list":{"0":"post-23606","1":"post","2":"type-post","3":"status-publish","4":"format-standard","5":"has-post-thumbnail","7":"category-destacadas","8":"tag-avion-privado","9":"tag-nacional","10":"tag-norona"},"_links":{"self":[{"href":"https:\/\/cronicadesoledad.com\/index.php\/wp-json\/wp\/v2\/posts\/23606","targetHints":{"allow":["GET"]}}],"collection":[{"href":"https:\/\/cronicadesoledad.com\/index.php\/wp-json\/wp\/v2\/posts"}],"about":[{"href":"https:\/\/cronicadesoledad.com\/index.php\/wp-json\/wp\/v2\/types\/post"}],"author":[{"embeddable":true,"href":"https:\/\/cronicadesoledad.com\/index.php\/wp-json\/wp\/v2\/users\/21"}],"replies":[{"embeddable":true,"href":"https:\/\/cronicadesoledad.com\/index.php\/wp-json\/wp\/v2\/comments?post=23606"}],"version-history":[{"count":1,"href":"https:\/\/cronicadesoledad.com\/index.php\/wp-json\/wp\/v2\/posts\/23606\/revisions"}],"predecessor-version":[{"id":23608,"href":"https:\/\/cronicadesoledad.com\/index.php\/wp-json\/wp\/v2\/posts\/23606\/revisions\/23608"}],"wp:featuredmedia":[{"embeddable":true,"href":"https:\/\/cronicadesoledad.com\/index.php\/wp-json\/wp\/v2\/media\/23607"}],"wp:attachment":[{"href":"https:\/\/cronicadesoledad.com\/index.php\/wp-json\/wp\/v2\/media?parent=23606"}],"wp:term":[{"taxonomy":"category","embeddable":true,"href":"https:\/\/cronicadesoledad.com\/index.php\/wp-json\/wp\/v2\/categories?post=23606"},{"taxonomy":"post_tag","embeddable":true,"href":"https:\/\/cronicadesoledad.com\/index.php\/wp-json\/wp\/v2\/tags?post=23606"}],"curies":[{"name":"wp","href":"https:\/\/api.w.org\/{rel}","templated":true}]}}