{"id":23619,"date":"2025-10-09T23:26:26","date_gmt":"2025-10-10T05:26:26","guid":{"rendered":"https:\/\/cronicadesoledad.com\/?p=23619"},"modified":"2025-10-09T23:26:27","modified_gmt":"2025-10-10T05:26:27","slug":"soledad-facilita-credencializacion-para-personas-con-discapacidad","status":"publish","type":"post","link":"https:\/\/cronicadesoledad.com\/index.php\/2025\/10\/09\/soledad-facilita-credencializacion-para-personas-con-discapacidad\/","title":{"rendered":"Soledad facilita credencializaci\u00f3n para personas con discapacidad"},"content":{"rendered":"\n<p>El <strong>Sistema Municipal DIF de Soledad de Graciano S\u00e1nchez<\/strong>, en coordinaci\u00f3n con el <strong>DIF Estatal<\/strong>, mantiene activo el proceso de <strong>credencializaci\u00f3n para personas con discapacidad<\/strong> en la <strong>Unidad B\u00e1sica de Rehabilitaci\u00f3n (UBR) n\u00famero 2<\/strong>, ubicada en <strong>Villa Jard\u00edn #301<\/strong>, con el objetivo de facilitar el acceso a <strong>beneficios, descuentos y atenci\u00f3n especializada<\/strong>.<\/p>\n\n\n\n<p>La presidenta del DIF Municipal, <strong>Mar\u00eda del Pilar Cardona Reyna<\/strong>, inform\u00f3 que el m\u00f3dulo opera desde <strong>agosto de 2023<\/strong>, instalado por el <strong>Centro de Rehabilitaci\u00f3n y Educaci\u00f3n Especial (CREE)<\/strong>, para acercar este tr\u00e1mite a habitantes del municipio y de otras demarcaciones que lo soliciten, evitando traslados prolongados.<\/p>\n\n\n\n<p>El procedimiento se realiza en <strong>un solo d\u00eda<\/strong> y requiere presentar <strong>INE, CURP, acta de nacimiento, comprobante de domicilio<\/strong> y <strong>certificado de discapacidad<\/strong> emitido por un <strong>m\u00e9dico especialista en rehabilitaci\u00f3n f\u00edsica<\/strong>, ya sea en <strong>UBR 1, UBR 2 o CREE<\/strong>, con el fin de garantizar la validez del documento.<\/p>\n\n\n\n<p>La credencial expedida por el <strong>Sistema Nacional DIF<\/strong> funciona como <strong>identificaci\u00f3n oficial<\/strong> y contiene <strong>datos de contacto para emergencias<\/strong>. Mediante convenios con diversas instituciones, permite acceder a <strong>descuentos en transporte, farmacias, establecimientos comerciales y servicios<\/strong>, incluyendo empresas como <strong>Suburbia, Volaris, Primera Plus<\/strong> e <strong>Interapas<\/strong>.<\/p>\n\n\n\n<p>El DIF Municipal se\u00f1al\u00f3 que el tr\u00e1mite continuar\u00e1 disponible de manera permanente como parte de las acciones orientadas a promover <strong>inclusi\u00f3n y accesibilidad<\/strong> para la poblaci\u00f3n con discapacidad en <strong>Soledad de Graciano S\u00e1nchez<\/strong>.<\/p>\n","protected":false},"excerpt":{"rendered":"<p>El Sistema Municipal DIF de Soledad de Graciano S\u00e1nchez, en coordinaci\u00f3n con el DIF Estatal, mantiene activo el proceso de credencializaci\u00f3n para personas con discapacidad en la Unidad B\u00e1sica de Rehabilitaci\u00f3n (UBR) n\u00famero 2, ubicada en Villa Jard\u00edn #301, con el objetivo de facilitar el acceso a beneficios, descuentos y atenci\u00f3n especializada. La presidenta del [&hellip;]<\/p>\n","protected":false},"author":2,"featured_media":23620,"comment_status":"open","ping_status":"open","sticky":false,"template":"","format":"standard","meta":{"footnotes":""},"categories":[1,24,21],"tags":[223,387,1239,294,261,27,1124],"class_list":{"0":"post-23619","1":"post","2":"type-post","3":"status-publish","4":"format-standard","5":"has-post-thumbnail","7":"category-destacadas","8":"category-informacion-general","9":"category-tu-soledad","10":"tag-ayuntamiento-soledense","11":"tag-dif","12":"tag-personas-con-discapacidad","13":"tag-san-luis","14":"tag-slp","15":"tag-soledad","16":"tag-ubr"},"_links":{"self":[{"href":"https:\/\/cronicadesoledad.com\/index.php\/wp-json\/wp\/v2\/posts\/23619","targetHints":{"allow":["GET"]}}],"collection":[{"href":"https:\/\/cronicadesoledad.com\/index.php\/wp-json\/wp\/v2\/posts"}],"about":[{"href":"https:\/\/cronicadesoledad.com\/index.php\/wp-json\/wp\/v2\/types\/post"}],"author":[{"embeddable":true,"href":"https:\/\/cronicadesoledad.com\/index.php\/wp-json\/wp\/v2\/users\/2"}],"replies":[{"embeddable":true,"href":"https:\/\/cronicadesoledad.com\/index.php\/wp-json\/wp\/v2\/comments?post=23619"}],"version-history":[{"count":1,"href":"https:\/\/cronicadesoledad.com\/index.php\/wp-json\/wp\/v2\/posts\/23619\/revisions"}],"predecessor-version":[{"id":23621,"href":"https:\/\/cronicadesoledad.com\/index.php\/wp-json\/wp\/v2\/posts\/23619\/revisions\/23621"}],"wp:featuredmedia":[{"embeddable":true,"href":"https:\/\/cronicadesoledad.com\/index.php\/wp-json\/wp\/v2\/media\/23620"}],"wp:attachment":[{"href":"https:\/\/cronicadesoledad.com\/index.php\/wp-json\/wp\/v2\/media?parent=23619"}],"wp:term":[{"taxonomy":"category","embeddable":true,"href":"https:\/\/cronicadesoledad.com\/index.php\/wp-json\/wp\/v2\/categories?post=23619"},{"taxonomy":"post_tag","embeddable":true,"href":"https:\/\/cronicadesoledad.com\/index.php\/wp-json\/wp\/v2\/tags?post=23619"}],"curies":[{"name":"wp","href":"https:\/\/api.w.org\/{rel}","templated":true}]}}