{"id":23640,"date":"2025-10-13T03:00:00","date_gmt":"2025-10-13T09:00:00","guid":{"rendered":"https:\/\/cronicadesoledad.com\/?p=23640"},"modified":"2025-10-12T23:55:23","modified_gmt":"2025-10-13T05:55:23","slug":"finalizo-con-exito-el-8-o-festival-de-cine","status":"publish","type":"post","link":"https:\/\/cronicadesoledad.com\/index.php\/2025\/10\/13\/finalizo-con-exito-el-8-o-festival-de-cine\/","title":{"rendered":"Finaliz\u00f3 con \u00e9xito el 8.\u00ba Festival de Cine"},"content":{"rendered":"\n<p>El 8.\u00ba Festival de Cine de la Universidad Aut\u00f3noma de San Luis Potos\u00ed (UASLP) concluy\u00f3 tras una semana de actividades realizada del 6 al 10 de octubre de 2025, consolid\u00e1ndose como uno de los encuentros audiovisuales universitarios m\u00e1s importantes del centro del pa\u00eds. La clausura, realizada en el Museo Universitario (MUNI), reconoci\u00f3 a los trabajos seleccionados dentro de la 5.\u00aa Muestra de Cortometrajes Potosinos, donde destacaron producciones como <em>Solve et Coagula<\/em> de Sol Dur\u00e1n, <em>Simplemente existir<\/em> de David Delgado Aguilar, <em>MODI<\/em> de Said Olvera y <em>Deslimite Territorial<\/em> de Biznaga AC.<\/p>\n\n\n\n<p>A lo largo del festival, se proyectaron tambi\u00e9n cortometrajes como <em>Mam\u00e1, se est\u00e1 muriendo el mundo<\/em>, <em>Martillos<\/em>, <em>Kissmet<\/em>, <em>Objetos<\/em>, <em>Por mi hermano Beto<\/em>, <em>Lapsus<\/em> y <em>Regulus<\/em>, lo que permiti\u00f3 visibilizar el crecimiento del cine local. El evento cont\u00f3 adem\u00e1s con una amplia oferta formativa mediante talleres, conversatorios y la colaboraci\u00f3n con IMCINE, que facilit\u00f3 la disponibilidad de varios t\u00edtulos en la plataforma Nuestro Cine MX para su difusi\u00f3n nacional.<\/p>\n\n\n\n<p>Uno de los momentos m\u00e1s concurridos fue la charla magistral del actor Joaqu\u00edn Cos\u00edo, quien comparti\u00f3 con estudiantes y realizadores su experiencia en el cine nacional e internacional, abordando temas como la construcci\u00f3n de personajes, el oficio actoral y la importancia de la identidad regional en las producciones mexicanas. Su intervenci\u00f3n fue recibida con ovaciones y se convirti\u00f3 en uno de los espacios m\u00e1s recordados del encuentro.<\/p>\n\n\n\n<p>En el marco del festival tambi\u00e9n se otorg\u00f3 el Premio Peyote al cineasta Luis Estrada como reconocimiento a su trayectoria, reforzando la presencia de figuras clave de la cinematograf\u00eda nacional. La participaci\u00f3n de invitados de otras entidades y pa\u00edses latinoamericanos ampli\u00f3 el alcance de esta edici\u00f3n, que por primera vez trascendi\u00f3 el car\u00e1cter exclusivamente local. El evento cerr\u00f3 con un llamado de la UASLP a seguir impulsando el cine universitario como plataforma de expresi\u00f3n, memoria y cr\u00edtica social. Con esta edici\u00f3n, el festival reafirm\u00f3 su papel como semillero de nuevos talentos y punto de encuentro entre generaciones del audiovisual mexicano.<\/p>\n","protected":false},"excerpt":{"rendered":"<p>El 8.\u00ba Festival de Cine de la Universidad Aut\u00f3noma de San Luis Potos\u00ed (UASLP) concluy\u00f3 tras una semana de actividades realizada del 6 al 10 de octubre de 2025, consolid\u00e1ndose como uno de los encuentros audiovisuales universitarios m\u00e1s importantes del centro del pa\u00eds. La clausura, realizada en el Museo Universitario (MUNI), reconoci\u00f3 a los trabajos [&hellip;]<\/p>\n","protected":false},"author":2,"featured_media":23641,"comment_status":"open","ping_status":"open","sticky":false,"template":"","format":"standard","meta":{"footnotes":""},"categories":[1,24,3160],"tags":[310,294,261,150],"class_list":{"0":"post-23640","1":"post","2":"type-post","3":"status-publish","4":"format-standard","5":"has-post-thumbnail","7":"category-destacadas","8":"category-informacion-general","9":"category-uaslp","10":"tag-festival-de-cine-uaslp","11":"tag-san-luis","12":"tag-slp","13":"tag-uaslp"},"_links":{"self":[{"href":"https:\/\/cronicadesoledad.com\/index.php\/wp-json\/wp\/v2\/posts\/23640","targetHints":{"allow":["GET"]}}],"collection":[{"href":"https:\/\/cronicadesoledad.com\/index.php\/wp-json\/wp\/v2\/posts"}],"about":[{"href":"https:\/\/cronicadesoledad.com\/index.php\/wp-json\/wp\/v2\/types\/post"}],"author":[{"embeddable":true,"href":"https:\/\/cronicadesoledad.com\/index.php\/wp-json\/wp\/v2\/users\/2"}],"replies":[{"embeddable":true,"href":"https:\/\/cronicadesoledad.com\/index.php\/wp-json\/wp\/v2\/comments?post=23640"}],"version-history":[{"count":1,"href":"https:\/\/cronicadesoledad.com\/index.php\/wp-json\/wp\/v2\/posts\/23640\/revisions"}],"predecessor-version":[{"id":23642,"href":"https:\/\/cronicadesoledad.com\/index.php\/wp-json\/wp\/v2\/posts\/23640\/revisions\/23642"}],"wp:featuredmedia":[{"embeddable":true,"href":"https:\/\/cronicadesoledad.com\/index.php\/wp-json\/wp\/v2\/media\/23641"}],"wp:attachment":[{"href":"https:\/\/cronicadesoledad.com\/index.php\/wp-json\/wp\/v2\/media?parent=23640"}],"wp:term":[{"taxonomy":"category","embeddable":true,"href":"https:\/\/cronicadesoledad.com\/index.php\/wp-json\/wp\/v2\/categories?post=23640"},{"taxonomy":"post_tag","embeddable":true,"href":"https:\/\/cronicadesoledad.com\/index.php\/wp-json\/wp\/v2\/tags?post=23640"}],"curies":[{"name":"wp","href":"https:\/\/api.w.org\/{rel}","templated":true}]}}