{"id":23643,"date":"2025-10-13T03:01:00","date_gmt":"2025-10-13T09:01:00","guid":{"rendered":"https:\/\/cronicadesoledad.com\/?p=23643"},"modified":"2025-10-12T23:57:50","modified_gmt":"2025-10-13T05:57:50","slug":"definidas-las-semifinales-del-mundial-sub-20","status":"publish","type":"post","link":"https:\/\/cronicadesoledad.com\/index.php\/2025\/10\/13\/definidas-las-semifinales-del-mundial-sub-20\/","title":{"rendered":"Definidas las semifinales del Mundial Sub \u2013 20"},"content":{"rendered":"\n<p>En Santiago, M\u00e9xico Sub-20 qued\u00f3 eliminado al perder 0-2 frente a Argentina, con anotaciones de Maher Carrizo (9\u2019) y Mateo Silvetti. Pese al marcador, el Tri mostr\u00f3 orden, presi\u00f3n alta y pasajes de posesi\u00f3n que contuvieron por momentos a la Albiceleste. El equipo ven\u00eda de golear 4-1 al anfitri\u00f3n Chile y mantuvo intensidad hasta el final. La actuaci\u00f3n dej\u00f3 sensaciones positivas sobre una generaci\u00f3n con proyecci\u00f3n.<\/p>\n\n\n\n<p>En Rancagua, Marruecos sorprendi\u00f3 a Estados Unidos con un 3-1 que sell\u00f3 su pase a semifinales. La escuadra africana fue m\u00e1s contundente en el tramo final, cuando defini\u00f3 el duelo tras el empate al descanso. La propia federaci\u00f3n estadounidense reconoci\u00f3 que el tramo decisivo les cost\u00f3 en defensa y transiciones. El resultado dej\u00f3 a Concacaf sin representantes entre los cuatro mejores.<\/p>\n\n\n\n<p>En Valpara\u00edso, Francia super\u00f3 a Noruega y complet\u00f3 el cuadro semifinalista. Los medios consignaron una ventaja gala construida con eficacia en el primer tiempo y administrada con solvencia tras el descanso. Reportes en directo se\u00f1alaron a Sa\u00efmon Bouabr\u00e9 como figura ofensiva del encuentro. Con ello, Les Bleus sostienen una ruta ascendente en el torneo.<\/p>\n\n\n\n<p>El \u00faltimo cruce se lo llev\u00f3 Colombia, luego de derrotar 3-2 a Espa\u00f1a. Duelo que fue anticipado por la organizaci\u00f3n como uno de los m\u00e1s exigentes de la ronda. Con Argentina, Marruecos, Colombia y Francia clasificados, el torneo avanza hacia semifinales de alto nivel.<\/p>\n","protected":false},"excerpt":{"rendered":"<p>En Santiago, M\u00e9xico Sub-20 qued\u00f3 eliminado al perder 0-2 frente a Argentina, con anotaciones de Maher Carrizo (9\u2019) y Mateo Silvetti. Pese al marcador, el Tri mostr\u00f3 orden, presi\u00f3n alta y pasajes de posesi\u00f3n que contuvieron por momentos a la Albiceleste. El equipo ven\u00eda de golear 4-1 al anfitri\u00f3n Chile y mantuvo intensidad hasta el [&hellip;]<\/p>\n","protected":false},"author":2,"featured_media":23644,"comment_status":"open","ping_status":"open","sticky":false,"template":"","format":"standard","meta":{"footnotes":""},"categories":[20,1,24],"tags":[1981,271,272,288,4896,4858,287],"class_list":{"0":"post-23643","1":"post","2":"type-post","3":"status-publish","4":"format-standard","5":"has-post-thumbnail","7":"category-cronica-deportiva","8":"category-destacadas","9":"category-informacion-general","10":"tag-cronica-deportiva-2","11":"tag-deporte","12":"tag-futbol","13":"tag-internacional","14":"tag-mundial","15":"tag-mundial-sub-20","16":"tag-nacional"},"_links":{"self":[{"href":"https:\/\/cronicadesoledad.com\/index.php\/wp-json\/wp\/v2\/posts\/23643","targetHints":{"allow":["GET"]}}],"collection":[{"href":"https:\/\/cronicadesoledad.com\/index.php\/wp-json\/wp\/v2\/posts"}],"about":[{"href":"https:\/\/cronicadesoledad.com\/index.php\/wp-json\/wp\/v2\/types\/post"}],"author":[{"embeddable":true,"href":"https:\/\/cronicadesoledad.com\/index.php\/wp-json\/wp\/v2\/users\/2"}],"replies":[{"embeddable":true,"href":"https:\/\/cronicadesoledad.com\/index.php\/wp-json\/wp\/v2\/comments?post=23643"}],"version-history":[{"count":1,"href":"https:\/\/cronicadesoledad.com\/index.php\/wp-json\/wp\/v2\/posts\/23643\/revisions"}],"predecessor-version":[{"id":23645,"href":"https:\/\/cronicadesoledad.com\/index.php\/wp-json\/wp\/v2\/posts\/23643\/revisions\/23645"}],"wp:featuredmedia":[{"embeddable":true,"href":"https:\/\/cronicadesoledad.com\/index.php\/wp-json\/wp\/v2\/media\/23644"}],"wp:attachment":[{"href":"https:\/\/cronicadesoledad.com\/index.php\/wp-json\/wp\/v2\/media?parent=23643"}],"wp:term":[{"taxonomy":"category","embeddable":true,"href":"https:\/\/cronicadesoledad.com\/index.php\/wp-json\/wp\/v2\/categories?post=23643"},{"taxonomy":"post_tag","embeddable":true,"href":"https:\/\/cronicadesoledad.com\/index.php\/wp-json\/wp\/v2\/tags?post=23643"}],"curies":[{"name":"wp","href":"https:\/\/api.w.org\/{rel}","templated":true}]}}