{"id":23653,"date":"2025-10-13T03:04:00","date_gmt":"2025-10-13T09:04:00","guid":{"rendered":"https:\/\/cronicadesoledad.com\/?p=23653"},"modified":"2025-10-13T00:05:53","modified_gmt":"2025-10-13T06:05:53","slug":"denuncian-secuestro-de-hombre-en-rancho-blanco","status":"publish","type":"post","link":"https:\/\/cronicadesoledad.com\/index.php\/2025\/10\/13\/denuncian-secuestro-de-hombre-en-rancho-blanco\/","title":{"rendered":"Denuncian secuestro de hombre en Rancho Blanco"},"content":{"rendered":"\n<p>A trav\u00e9s de redes sociales se difundi\u00f3 una denuncia ciudadana sobre el presunto secuestro y desaparici\u00f3n de Mauro Cabrera Cruces, de 52 a\u00f1os de edad, quien fue visto por \u00faltima vez el s\u00e1bado 6 de septiembre en la colonia Rancho Blanco, del municipio de Soledad de Graciano S\u00e1nchez.<\/p>\n\n\n\n<p>De acuerdo con los testimonios y las im\u00e1genes obtenidas de c\u00e1maras de videovigilancia, la v\u00edctima viajaba como acompa\u00f1ante en una camioneta blanca con placas VBU-356-D. El veh\u00edculo se detuvo frente a una tienda de abarrotes, momento en que dos personas interceptaron la unidad y abordaron la camioneta, huyendo posteriormente con el propio veh\u00edculo y con Mauro Cabrera a bordo.<\/p>\n\n\n\n<p>La Fiscal\u00eda General del Estado de San Luis Potos\u00ed (FGESLP) confirm\u00f3 que se emiti\u00f3 una ficha de b\u00fasqueda y que ya se iniciaron las investigaciones correspondientes para dar con el paradero del hombre.<\/p>\n\n\n\n<p>Hasta el momento, las autoridades no han proporcionado m\u00e1s detalles sobre los responsables ni sobre el avance de las indagatorias. Familiares y amigos de Mauro Cabrera han solicitado el apoyo de la ciudadan\u00eda para compartir informaci\u00f3n que ayude a localizarlo.<\/p>\n","protected":false},"excerpt":{"rendered":"<p>A trav\u00e9s de redes sociales se difundi\u00f3 una denuncia ciudadana sobre el presunto secuestro y desaparici\u00f3n de Mauro Cabrera Cruces, de 52 a\u00f1os de edad, quien fue visto por \u00faltima vez el s\u00e1bado 6 de septiembre en la colonia Rancho Blanco, del municipio de Soledad de Graciano S\u00e1nchez. De acuerdo con los testimonios y las [&hellip;]<\/p>\n","protected":false},"author":2,"featured_media":23654,"comment_status":"open","ping_status":"open","sticky":false,"template":"","format":"standard","meta":{"footnotes":""},"categories":[1,24,19],"tags":[3120,294,1321,276,261],"class_list":{"0":"post-23653","1":"post","2":"type-post","3":"status-publish","4":"format-standard","5":"has-post-thumbnail","7":"category-destacadas","8":"category-informacion-general","9":"category-seguridad","10":"tag-rancho-blanco","11":"tag-san-luis","12":"tag-secuestro","13":"tag-seguridad","14":"tag-slp"},"_links":{"self":[{"href":"https:\/\/cronicadesoledad.com\/index.php\/wp-json\/wp\/v2\/posts\/23653","targetHints":{"allow":["GET"]}}],"collection":[{"href":"https:\/\/cronicadesoledad.com\/index.php\/wp-json\/wp\/v2\/posts"}],"about":[{"href":"https:\/\/cronicadesoledad.com\/index.php\/wp-json\/wp\/v2\/types\/post"}],"author":[{"embeddable":true,"href":"https:\/\/cronicadesoledad.com\/index.php\/wp-json\/wp\/v2\/users\/2"}],"replies":[{"embeddable":true,"href":"https:\/\/cronicadesoledad.com\/index.php\/wp-json\/wp\/v2\/comments?post=23653"}],"version-history":[{"count":1,"href":"https:\/\/cronicadesoledad.com\/index.php\/wp-json\/wp\/v2\/posts\/23653\/revisions"}],"predecessor-version":[{"id":23655,"href":"https:\/\/cronicadesoledad.com\/index.php\/wp-json\/wp\/v2\/posts\/23653\/revisions\/23655"}],"wp:featuredmedia":[{"embeddable":true,"href":"https:\/\/cronicadesoledad.com\/index.php\/wp-json\/wp\/v2\/media\/23654"}],"wp:attachment":[{"href":"https:\/\/cronicadesoledad.com\/index.php\/wp-json\/wp\/v2\/media?parent=23653"}],"wp:term":[{"taxonomy":"category","embeddable":true,"href":"https:\/\/cronicadesoledad.com\/index.php\/wp-json\/wp\/v2\/categories?post=23653"},{"taxonomy":"post_tag","embeddable":true,"href":"https:\/\/cronicadesoledad.com\/index.php\/wp-json\/wp\/v2\/tags?post=23653"}],"curies":[{"name":"wp","href":"https:\/\/api.w.org\/{rel}","templated":true}]}}