{"id":23662,"date":"2025-10-13T03:07:00","date_gmt":"2025-10-13T09:07:00","guid":{"rendered":"https:\/\/cronicadesoledad.com\/?p=23662"},"modified":"2025-10-13T00:12:47","modified_gmt":"2025-10-13T06:12:47","slug":"gallardo-inauguro-la-expo-potosi-industrial-2025","status":"publish","type":"post","link":"https:\/\/cronicadesoledad.com\/index.php\/2025\/10\/13\/gallardo-inauguro-la-expo-potosi-industrial-2025\/","title":{"rendered":"Gallardo inaugur\u00f3 la Expo Potos\u00ed Industrial 2025"},"content":{"rendered":"\n<p>Al resaltar que, en 10 a\u00f1os, San Luis Potos\u00ed ser\u00e1 el tercer polo de desarrollo m\u00e1s grande de M\u00e9xico resultado de un trabajo sin l\u00edmites de la actual administraci\u00f3n, el Gobernador del Estado Ricardo Gallardo Cardona, inaugur\u00f3 la Expo Potos\u00ed Industrial 2025, el encuentro empresarial y de innovaci\u00f3n m\u00e1s importante del Baj\u00edo, que re\u00fane a l\u00edderes de sectores automotriz, aeroespacial, energ\u00e9tico, agroindustrial, tecnol\u00f3gico y de manufactura avanzada.<\/p>\n\n\n\n<p>En el Centro de Negocios Potos\u00ed, el Jefe de Gobierno Estatal expuso que tras m\u00e1s de 30 a\u00f1os de una herencia maldita que estuvo inm\u00f3vil, hoy San Luis Potos\u00ed ha logrado una importante atracci\u00f3n de Inversi\u00f3n Extrajera Directa (IED), as\u00ed como se encuentra en los primeros lugares en exportaci\u00f3n y seguridad que brinda m\u00e1s confianza de las y los empresarios.<\/p>\n\n\n\n<p>La Expo Potos\u00ed Industrial 2025 re\u00fane a m\u00e1s de 3 mil 500 asistentes, 600 empresas participantes y 500 compradores nacionales e internacionales, con representaci\u00f3n de m\u00e1s de 20 pa\u00edses y durante dos d\u00edas ser\u00e1 sede de m\u00e1s de mil reuniones de negocio, diez conferencias y paneles sobre liderazgo empresarial, automatizaci\u00f3n, sostenibilidad, talento, diplomacia econ\u00f3mica y desarrollo regional.<\/p>\n\n\n\n<p>Entre los temas m\u00e1s destacados se encuentran: \u201cPerspectivas del Liderazgo Empresarial en Am\u00e9rica del Norte hacia 2030\u201d, \u201cTransformaci\u00f3n Digital y Automatizaci\u00f3n Industrial\u201d y \u201cOportunidades para M\u00e9xico ante las Tensiones Comerciales Globales\u201d, con la participaci\u00f3n de representantes de BMW, ABB, Caterpillar, Grupo Acerero, Naturgy, BorgWarner, KPMG, GM, GESTAM<\/p>\n","protected":false},"excerpt":{"rendered":"<p>Al resaltar que, en 10 a\u00f1os, San Luis Potos\u00ed ser\u00e1 el tercer polo de desarrollo m\u00e1s grande de M\u00e9xico resultado de un trabajo sin l\u00edmites de la actual administraci\u00f3n, el Gobernador del Estado Ricardo Gallardo Cardona, inaugur\u00f3 la Expo Potos\u00ed Industrial 2025, el encuentro empresarial y de innovaci\u00f3n m\u00e1s importante del Baj\u00edo, que re\u00fane a [&hellip;]<\/p>\n","protected":false},"author":2,"featured_media":23663,"comment_status":"open","ping_status":"open","sticky":false,"template":"","format":"standard","meta":{"footnotes":""},"categories":[1,24,3163],"tags":[4642,1158,294,261],"class_list":{"0":"post-23662","1":"post","2":"type-post","3":"status-publish","4":"format-standard","5":"has-post-thumbnail","7":"category-destacadas","8":"category-informacion-general","9":"category-san-luis-potosi","10":"tag-expo-potosi-industrial","11":"tag-gobierno-del-estado","12":"tag-san-luis","13":"tag-slp"},"_links":{"self":[{"href":"https:\/\/cronicadesoledad.com\/index.php\/wp-json\/wp\/v2\/posts\/23662","targetHints":{"allow":["GET"]}}],"collection":[{"href":"https:\/\/cronicadesoledad.com\/index.php\/wp-json\/wp\/v2\/posts"}],"about":[{"href":"https:\/\/cronicadesoledad.com\/index.php\/wp-json\/wp\/v2\/types\/post"}],"author":[{"embeddable":true,"href":"https:\/\/cronicadesoledad.com\/index.php\/wp-json\/wp\/v2\/users\/2"}],"replies":[{"embeddable":true,"href":"https:\/\/cronicadesoledad.com\/index.php\/wp-json\/wp\/v2\/comments?post=23662"}],"version-history":[{"count":1,"href":"https:\/\/cronicadesoledad.com\/index.php\/wp-json\/wp\/v2\/posts\/23662\/revisions"}],"predecessor-version":[{"id":23664,"href":"https:\/\/cronicadesoledad.com\/index.php\/wp-json\/wp\/v2\/posts\/23662\/revisions\/23664"}],"wp:featuredmedia":[{"embeddable":true,"href":"https:\/\/cronicadesoledad.com\/index.php\/wp-json\/wp\/v2\/media\/23663"}],"wp:attachment":[{"href":"https:\/\/cronicadesoledad.com\/index.php\/wp-json\/wp\/v2\/media?parent=23662"}],"wp:term":[{"taxonomy":"category","embeddable":true,"href":"https:\/\/cronicadesoledad.com\/index.php\/wp-json\/wp\/v2\/categories?post=23662"},{"taxonomy":"post_tag","embeddable":true,"href":"https:\/\/cronicadesoledad.com\/index.php\/wp-json\/wp\/v2\/tags?post=23662"}],"curies":[{"name":"wp","href":"https:\/\/api.w.org\/{rel}","templated":true}]}}