{"id":23677,"date":"2025-10-13T20:31:23","date_gmt":"2025-10-14T02:31:23","guid":{"rendered":"https:\/\/cronicadesoledad.com\/?p=23677"},"modified":"2025-10-13T20:31:24","modified_gmt":"2025-10-14T02:31:24","slug":"soledad-invita-a-taller-gratuito-de-maquillaje-para-catrinas-en-la-casa-de-cultura","status":"publish","type":"post","link":"https:\/\/cronicadesoledad.com\/index.php\/2025\/10\/13\/soledad-invita-a-taller-gratuito-de-maquillaje-para-catrinas-en-la-casa-de-cultura\/","title":{"rendered":"Soledad invita a taller gratuito de maquillaje para Catrinas en la Casa de Cultura"},"content":{"rendered":"\n<p>El Ayuntamiento de <strong>Soledad de Graciano S\u00e1nchez<\/strong>, a trav\u00e9s de la <strong>Direcci\u00f3n de Cultura y Turismo Municipal<\/strong>, convoc\u00f3 a la ciudadan\u00eda a participar en un <strong>taller gratuito de maquillaje para Catrinas<\/strong>, que se llevar\u00e1 a cabo este <strong>24 de octubre en la Casa de Cultura<\/strong>, como parte de las actividades alusivas al <strong>D\u00eda de Muertos y Xantolo<\/strong>. La invitaci\u00f3n est\u00e1 abierta a personas de todas las edades, ya sea con fines recreativos, para participar en concursos o incluso para generar ingresos mediante servicios de maquillaje durante la temporada.<\/p>\n\n\n\n<p>La capacitaci\u00f3n ser\u00e1 impartida por un <strong>maquillista profesional<\/strong>, lo que permitir\u00e1 a las y los asistentes aprender <strong>t\u00e9cnicas especializadas<\/strong> aplicables a caracterizaciones tradicionales. Al respecto, el titular de Cultura y Turismo, <strong>Felipe C\u00e1rdenas Quibrera<\/strong>, se\u00f1al\u00f3 que estas actividades buscan fortalecer la participaci\u00f3n ciudadana y promover habilidades creativas que puedan convertirse en herramientas de autoempleo.<\/p>\n\n\n\n<p>Las personas interesadas pueden registrarse a trav\u00e9s de la p\u00e1gina oficial de Cultura en Facebook:<br><a href=\"https:\/\/www.facebook.com\/cultura.soledad.graciano.sanchez.2025\">https:\/\/www.facebook.com\/cultura.soledad.graciano.sanchez.2025<\/a>, donde recibir\u00e1n informaci\u00f3n sobre horarios y requisitos.<\/p>\n\n\n\n<p>Con esta iniciativa, el Gobierno Municipal reafirma su compromiso de <strong>acercar la cultura a todos los sectores<\/strong>, impulsando espacios de convivencia que preserven las tradiciones e impulsen la <strong>econom\u00eda creativa local<\/strong>.<\/p>\n","protected":false},"excerpt":{"rendered":"<p>El Ayuntamiento de Soledad de Graciano S\u00e1nchez, a trav\u00e9s de la Direcci\u00f3n de Cultura y Turismo Municipal, convoc\u00f3 a la ciudadan\u00eda a participar en un taller gratuito de maquillaje para Catrinas, que se llevar\u00e1 a cabo este 24 de octubre en la Casa de Cultura, como parte de las actividades alusivas al D\u00eda de Muertos [&hellip;]<\/p>\n","protected":false},"author":2,"featured_media":23678,"comment_status":"open","ping_status":"open","sticky":false,"template":"","format":"standard","meta":{"footnotes":""},"categories":[1,24,21],"tags":[223,826,4905,4904,294,261,27],"class_list":{"0":"post-23677","1":"post","2":"type-post","3":"status-publish","4":"format-standard","5":"has-post-thumbnail","7":"category-destacadas","8":"category-informacion-general","9":"category-tu-soledad","10":"tag-ayuntamiento-soledense","11":"tag-casa-de-cultura","12":"tag-catrinas","13":"tag-maquillaje","14":"tag-san-luis","15":"tag-slp","16":"tag-soledad"},"_links":{"self":[{"href":"https:\/\/cronicadesoledad.com\/index.php\/wp-json\/wp\/v2\/posts\/23677","targetHints":{"allow":["GET"]}}],"collection":[{"href":"https:\/\/cronicadesoledad.com\/index.php\/wp-json\/wp\/v2\/posts"}],"about":[{"href":"https:\/\/cronicadesoledad.com\/index.php\/wp-json\/wp\/v2\/types\/post"}],"author":[{"embeddable":true,"href":"https:\/\/cronicadesoledad.com\/index.php\/wp-json\/wp\/v2\/users\/2"}],"replies":[{"embeddable":true,"href":"https:\/\/cronicadesoledad.com\/index.php\/wp-json\/wp\/v2\/comments?post=23677"}],"version-history":[{"count":1,"href":"https:\/\/cronicadesoledad.com\/index.php\/wp-json\/wp\/v2\/posts\/23677\/revisions"}],"predecessor-version":[{"id":23679,"href":"https:\/\/cronicadesoledad.com\/index.php\/wp-json\/wp\/v2\/posts\/23677\/revisions\/23679"}],"wp:featuredmedia":[{"embeddable":true,"href":"https:\/\/cronicadesoledad.com\/index.php\/wp-json\/wp\/v2\/media\/23678"}],"wp:attachment":[{"href":"https:\/\/cronicadesoledad.com\/index.php\/wp-json\/wp\/v2\/media?parent=23677"}],"wp:term":[{"taxonomy":"category","embeddable":true,"href":"https:\/\/cronicadesoledad.com\/index.php\/wp-json\/wp\/v2\/categories?post=23677"},{"taxonomy":"post_tag","embeddable":true,"href":"https:\/\/cronicadesoledad.com\/index.php\/wp-json\/wp\/v2\/tags?post=23677"}],"curies":[{"name":"wp","href":"https:\/\/api.w.org\/{rel}","templated":true}]}}