{"id":23680,"date":"2025-10-13T20:35:09","date_gmt":"2025-10-14T02:35:09","guid":{"rendered":"https:\/\/cronicadesoledad.com\/?p=23680"},"modified":"2025-10-13T20:35:10","modified_gmt":"2025-10-14T02:35:10","slug":"soledad-alista-programa-artistico-y-cultural-para-celebrar-el-dia-de-muertos","status":"publish","type":"post","link":"https:\/\/cronicadesoledad.com\/index.php\/2025\/10\/13\/soledad-alista-programa-artistico-y-cultural-para-celebrar-el-dia-de-muertos\/","title":{"rendered":"Soledad alista programa art\u00edstico y cultural para celebrar el D\u00eda de Muertos"},"content":{"rendered":"\n<p>El Alcalde de <strong>Soledad de Graciano S\u00e1nchez<\/strong>, <strong>Juan Manuel Navarro Mu\u00f1iz<\/strong>, inform\u00f3 que el municipio se encuentra listo para presentar un <strong>amplio programa de actividades art\u00edsticas y culturales<\/strong> con motivo del <strong>D\u00eda de Muertos<\/strong>, una tradici\u00f3n profundamente arraigada en la poblaci\u00f3n y que cada a\u00f1o re\u00fane a familias en torno a la memoria y el homenaje a sus seres queridos.<\/p>\n\n\n\n<p>Detall\u00f3 que, con la participaci\u00f3n de \u00e1reas como <strong>Cultura y Turismo, Atenci\u00f3n al Adulto Mayor y Bibliotecas Municipales<\/strong>, se ofrecer\u00e1 una semana de eventos que promover\u00e1n la convivencia social y la identidad comunitaria, del <strong>20 al 31 de octubre<\/strong>. La programaci\u00f3n completa ser\u00e1 publicada en los pr\u00f3ximos d\u00edas a trav\u00e9s de las redes oficiales del Ayuntamiento.<\/p>\n\n\n\n<p>Asimismo, destac\u00f3 que <strong>Soledad volver\u00e1 a ser sede de la extensi\u00f3n de Xantolo 2025<\/strong>, festividad impulsada por el <strong>Gobierno del Estado<\/strong>, que incluir\u00e1 la presentaci\u00f3n de <strong>comparsas huastecas, rituales tradicionales y representaciones simb\u00f3licas<\/strong> del D\u00eda de Muertos, llenas de m\u00fasica, color y espiritualidad.<\/p>\n\n\n\n<p>Navarro Mu\u00f1iz subray\u00f3 que esta celebraci\u00f3n representa una oportunidad para <strong>preservar y compartir el legado cultural del municipio<\/strong>, fortaleciendo al mismo tiempo los lazos entre la comunidad y sus tradiciones.<\/p>\n","protected":false},"excerpt":{"rendered":"<p>El Alcalde de Soledad de Graciano S\u00e1nchez, Juan Manuel Navarro Mu\u00f1iz, inform\u00f3 que el municipio se encuentra listo para presentar un amplio programa de actividades art\u00edsticas y culturales con motivo del D\u00eda de Muertos, una tradici\u00f3n profundamente arraigada en la poblaci\u00f3n y que cada a\u00f1o re\u00fane a familias en torno a la memoria y el [&hellip;]<\/p>\n","protected":false},"author":2,"featured_media":23681,"comment_status":"open","ping_status":"open","sticky":false,"template":"","format":"standard","meta":{"footnotes":""},"categories":[1,24,21],"tags":[223,334,328,294,261,27],"class_list":{"0":"post-23680","1":"post","2":"type-post","3":"status-publish","4":"format-standard","5":"has-post-thumbnail","7":"category-destacadas","8":"category-informacion-general","9":"category-tu-soledad","10":"tag-ayuntamiento-soledense","11":"tag-cultura","12":"tag-dia-de-muertos-2","13":"tag-san-luis","14":"tag-slp","15":"tag-soledad"},"_links":{"self":[{"href":"https:\/\/cronicadesoledad.com\/index.php\/wp-json\/wp\/v2\/posts\/23680","targetHints":{"allow":["GET"]}}],"collection":[{"href":"https:\/\/cronicadesoledad.com\/index.php\/wp-json\/wp\/v2\/posts"}],"about":[{"href":"https:\/\/cronicadesoledad.com\/index.php\/wp-json\/wp\/v2\/types\/post"}],"author":[{"embeddable":true,"href":"https:\/\/cronicadesoledad.com\/index.php\/wp-json\/wp\/v2\/users\/2"}],"replies":[{"embeddable":true,"href":"https:\/\/cronicadesoledad.com\/index.php\/wp-json\/wp\/v2\/comments?post=23680"}],"version-history":[{"count":1,"href":"https:\/\/cronicadesoledad.com\/index.php\/wp-json\/wp\/v2\/posts\/23680\/revisions"}],"predecessor-version":[{"id":23682,"href":"https:\/\/cronicadesoledad.com\/index.php\/wp-json\/wp\/v2\/posts\/23680\/revisions\/23682"}],"wp:featuredmedia":[{"embeddable":true,"href":"https:\/\/cronicadesoledad.com\/index.php\/wp-json\/wp\/v2\/media\/23681"}],"wp:attachment":[{"href":"https:\/\/cronicadesoledad.com\/index.php\/wp-json\/wp\/v2\/media?parent=23680"}],"wp:term":[{"taxonomy":"category","embeddable":true,"href":"https:\/\/cronicadesoledad.com\/index.php\/wp-json\/wp\/v2\/categories?post=23680"},{"taxonomy":"post_tag","embeddable":true,"href":"https:\/\/cronicadesoledad.com\/index.php\/wp-json\/wp\/v2\/tags?post=23680"}],"curies":[{"name":"wp","href":"https:\/\/api.w.org\/{rel}","templated":true}]}}