{"id":23683,"date":"2025-10-13T20:38:13","date_gmt":"2025-10-14T02:38:13","guid":{"rendered":"https:\/\/cronicadesoledad.com\/?p=23683"},"modified":"2025-10-13T20:38:13","modified_gmt":"2025-10-14T02:38:13","slug":"dif-soledad-habilita-centros-comunitarios-para-recolectar-viveres-en-apoyo-a-la-huasteca","status":"publish","type":"post","link":"https:\/\/cronicadesoledad.com\/index.php\/2025\/10\/13\/dif-soledad-habilita-centros-comunitarios-para-recolectar-viveres-en-apoyo-a-la-huasteca\/","title":{"rendered":"DIF Soledad habilita centros comunitarios para recolectar v\u00edveres en apoyo a la Huasteca"},"content":{"rendered":"\n<p>El <strong>Ayuntamiento de Soledad de Graciano S\u00e1nchez<\/strong>, siguiendo las instrucciones del <strong>Alcalde Juan Manuel Navarro Mu\u00f1iz<\/strong>, habilit\u00f3 los <strong>ocho Centros de Desarrollo Comunitario del DIF Municipal<\/strong> como puntos de acopio para reunir v\u00edveres y art\u00edculos de primera necesidad destinados a las familias afectadas por las recientes lluvias en la <strong>Huasteca Potosina<\/strong>. A esta red de recolecci\u00f3n se suman las instalaciones del <strong>DIF Municipal<\/strong> y el punto principal ubicado en la <strong>Plaza Principal (Jard\u00edn Hidalgo)<\/strong>.<\/p>\n\n\n\n<p>Se invita a la poblaci\u00f3n a donar <strong>alimentos no perecederos<\/strong> como at\u00fan, arroz, frijol, pastas y enlatados; as\u00ed como <strong>agua embotellada, leche en polvo para beb\u00e9s, pa\u00f1ales, toallitas h\u00famedas, art\u00edculos de higiene personal, insumos m\u00e9dicos, productos de limpieza y cobijas nuevas<\/strong>.<\/p>\n\n\n\n<p>Los centros habilitados se encuentran en las colonias <strong>Santo Tom\u00e1s, 21 de Marzo, Rivas Guill\u00e9n Sur, Rivas Guill\u00e9n Norte, CAF San Luis 1, Las Huertas y Praderas del Maurel<\/strong>, facilitando la participaci\u00f3n de toda la ciudadan\u00eda.<\/p>\n\n\n\n<p>El Gobierno Municipal reafirm\u00f3 que <strong>cada donativo representa un gesto solidario y directo hacia quienes atraviesan momentos dif\u00edciles<\/strong>, por lo que llam\u00f3 a la comunidad soledense a unirse con empat\u00eda y generosidad para brindar apoyo y esperanza a las familias de la Huasteca.<\/p>\n","protected":false},"excerpt":{"rendered":"<p>El Ayuntamiento de Soledad de Graciano S\u00e1nchez, siguiendo las instrucciones del Alcalde Juan Manuel Navarro Mu\u00f1iz, habilit\u00f3 los ocho Centros de Desarrollo Comunitario del DIF Municipal como puntos de acopio para reunir v\u00edveres y art\u00edculos de primera necesidad destinados a las familias afectadas por las recientes lluvias en la Huasteca Potosina. A esta red de [&hellip;]<\/p>\n","protected":false},"author":2,"featured_media":23684,"comment_status":"open","ping_status":"open","sticky":false,"template":"","format":"standard","meta":{"footnotes":""},"categories":[1,24,21],"tags":[446,223,427,294,261,27],"class_list":{"0":"post-23683","1":"post","2":"type-post","3":"status-publish","4":"format-standard","5":"has-post-thumbnail","7":"category-destacadas","8":"category-informacion-general","9":"category-tu-soledad","10":"tag-apoyo","11":"tag-ayuntamiento-soledense","12":"tag-dif-soledense","13":"tag-san-luis","14":"tag-slp","15":"tag-soledad"},"_links":{"self":[{"href":"https:\/\/cronicadesoledad.com\/index.php\/wp-json\/wp\/v2\/posts\/23683","targetHints":{"allow":["GET"]}}],"collection":[{"href":"https:\/\/cronicadesoledad.com\/index.php\/wp-json\/wp\/v2\/posts"}],"about":[{"href":"https:\/\/cronicadesoledad.com\/index.php\/wp-json\/wp\/v2\/types\/post"}],"author":[{"embeddable":true,"href":"https:\/\/cronicadesoledad.com\/index.php\/wp-json\/wp\/v2\/users\/2"}],"replies":[{"embeddable":true,"href":"https:\/\/cronicadesoledad.com\/index.php\/wp-json\/wp\/v2\/comments?post=23683"}],"version-history":[{"count":1,"href":"https:\/\/cronicadesoledad.com\/index.php\/wp-json\/wp\/v2\/posts\/23683\/revisions"}],"predecessor-version":[{"id":23685,"href":"https:\/\/cronicadesoledad.com\/index.php\/wp-json\/wp\/v2\/posts\/23683\/revisions\/23685"}],"wp:featuredmedia":[{"embeddable":true,"href":"https:\/\/cronicadesoledad.com\/index.php\/wp-json\/wp\/v2\/media\/23684"}],"wp:attachment":[{"href":"https:\/\/cronicadesoledad.com\/index.php\/wp-json\/wp\/v2\/media?parent=23683"}],"wp:term":[{"taxonomy":"category","embeddable":true,"href":"https:\/\/cronicadesoledad.com\/index.php\/wp-json\/wp\/v2\/categories?post=23683"},{"taxonomy":"post_tag","embeddable":true,"href":"https:\/\/cronicadesoledad.com\/index.php\/wp-json\/wp\/v2\/tags?post=23683"}],"curies":[{"name":"wp","href":"https:\/\/api.w.org\/{rel}","templated":true}]}}