{"id":23696,"date":"2025-10-14T12:40:43","date_gmt":"2025-10-14T18:40:43","guid":{"rendered":"https:\/\/cronicadesoledad.com\/?p=23696"},"modified":"2025-10-14T12:40:44","modified_gmt":"2025-10-14T18:40:44","slug":"confirma-scjn-primera-audiencia-para-escuchar-a-grupos-vulnerables","status":"publish","type":"post","link":"https:\/\/cronicadesoledad.com\/index.php\/2025\/10\/14\/confirma-scjn-primera-audiencia-para-escuchar-a-grupos-vulnerables\/","title":{"rendered":"Confirma SCJN primera audiencia para escuchar a grupos vulnerables"},"content":{"rendered":"\n<h2 class=\"wp-block-heading\">La SCJN abrir\u00e1 por primera vez un espacio de participaci\u00f3n directa con comunidades vulnerables para fortalecer su papel en las decisiones judiciales y garantizar que sus derechos sean considerados.<\/h2>\n\n\n\n<p>La\u00a0Suprema Corte de Justicia de la Naci\u00f3n (SCJN)\u00a0realizar\u00e1 el 20 de octubre una\u00a0<strong>consulta p\u00fablica<\/strong>, la primera de su tipo en la historia del tribunal constitucional, con grupos vulnerables, con el objetivo de escuchar sus opiniones en relaci\u00f3n con una sentencia que est\u00e1 por emitirse y que les impacta en forma directa.<\/p>\n\n\n\n<p>De hecho, los ministros retiraron de \u00faltima hora el proyecto de la sentencia, que podr\u00eda cambiar el criterio establecido hasta ahora sobre la consulta a<strong>\u00a0poblaciones vulnerables<\/strong>\u00a0previo a la modificaci\u00f3n de leyes que les afectan.<\/p>\n\n\n\n<p>El criterio que a\u00fan prevalece es que cualquier ley que sea aprobada sin consulta a las comunidades vulnerables a las que impacte, resulta inconstitucional y por tanto debe ser invalidada en forma inmediata.<\/p>\n\n\n\n<p>No obstante, la ponencia de la\u00a0ministra Lenia Batres\u00a0pide suavizar el criterio para que la invalidez de las leyes, por falta de consulta a la poblaci\u00f3n vulnerable que afecte, no sea en autom\u00e1tico sino que se analice caso por caso.<\/p>\n\n\n\n<p>El asunto se hab\u00eda discutido en la sesi\u00f3n p\u00fablica del 7 de octubre y al no llegar a un acuerdo se pospuso para ayer, y de \u00faltima hora se retir\u00f3.<\/p>\n\n\n\n<p>Hugo Aguilar Ortiz, ministro presidente, hizo ver que la Corte recibi\u00f3 solicitudes de audiencia por parte de varias\u00a0<strong>organizaciones y personas interesadas.<\/strong>\u00a0\u201cHemos tomado la decisi\u00f3n de llevar a cabo la primera audiencia p\u00fablica sobre temas relevantes y pido a todas las organizaciones que est\u00e9n atentas a la convocatoria para participar\u201d, dijo.<\/p>\n\n\n\n<p>M\u00e1s tarde, una vez concluida la sesi\u00f3n, se dio a conocer que la audiencia p\u00fablica se realizar\u00e1 el 20 de octubre con base en los criterios del&nbsp;<strong>Acuerdo General N\u00famero 5\/2025<\/strong>.<\/p>\n\n\n\n<p>Ayer, los ministros se reunieron con integrantes del&nbsp;<strong>Movimiento de Personas con Discapacidad<\/strong>&nbsp;y con representantes de diversas organizaciones de la sociedad civil, con el prop\u00f3sito de escuchar sus planteamientos y \u201cfortalecer los canales de participaci\u00f3n\u201d.<\/p>\n\n\n\n<p>En un comunicado, la SCJN dijo que en el encuentro, el ministro presidente, Hugo Aguilar, anunci\u00f3 que por unanimidad del pleno se aprob\u00f3 la realizaci\u00f3n de la audiencia. Agreg\u00f3 que las ministras Esquivel, Batres y Sara Herrer\u00edas, as\u00ed como el ministro\u00a0<strong>Irving Espinosa\u00a0<\/strong>reiteraron su compromiso con los derechos de las personas con discapacidad.<\/p>\n\n\n\n<p><\/p>\n\n\n\n<p><a href=\"https:\/\/www.elfinanciero.com.mx\/opinion\/colaborador-invitado\/2025\/09\/25\/la-nueva-suprema-corte-que-no-es-nueva-el-pasado-los-persigue\/\"><\/a><\/p>\n","protected":false},"excerpt":{"rendered":"<p>La SCJN abrir\u00e1 por primera vez un espacio de participaci\u00f3n directa con comunidades vulnerables para fortalecer su papel en las decisiones judiciales y garantizar que sus derechos sean considerados. La\u00a0Suprema Corte de Justicia de la Naci\u00f3n (SCJN)\u00a0realizar\u00e1 el 20 de octubre una\u00a0consulta p\u00fablica, la primera de su tipo en la historia del tribunal constitucional, con [&hellip;]<\/p>\n","protected":false},"author":21,"featured_media":23697,"comment_status":"open","ping_status":"open","sticky":false,"template":"","format":"standard","meta":{"footnotes":""},"categories":[3258],"tags":[2100,287,2690],"class_list":{"0":"post-23696","1":"post","2":"type-post","3":"status-publish","4":"format-standard","5":"has-post-thumbnail","7":"category-nacionales","8":"tag-grupos-vulnerables","9":"tag-nacional","10":"tag-scjn"},"_links":{"self":[{"href":"https:\/\/cronicadesoledad.com\/index.php\/wp-json\/wp\/v2\/posts\/23696","targetHints":{"allow":["GET"]}}],"collection":[{"href":"https:\/\/cronicadesoledad.com\/index.php\/wp-json\/wp\/v2\/posts"}],"about":[{"href":"https:\/\/cronicadesoledad.com\/index.php\/wp-json\/wp\/v2\/types\/post"}],"author":[{"embeddable":true,"href":"https:\/\/cronicadesoledad.com\/index.php\/wp-json\/wp\/v2\/users\/21"}],"replies":[{"embeddable":true,"href":"https:\/\/cronicadesoledad.com\/index.php\/wp-json\/wp\/v2\/comments?post=23696"}],"version-history":[{"count":1,"href":"https:\/\/cronicadesoledad.com\/index.php\/wp-json\/wp\/v2\/posts\/23696\/revisions"}],"predecessor-version":[{"id":23698,"href":"https:\/\/cronicadesoledad.com\/index.php\/wp-json\/wp\/v2\/posts\/23696\/revisions\/23698"}],"wp:featuredmedia":[{"embeddable":true,"href":"https:\/\/cronicadesoledad.com\/index.php\/wp-json\/wp\/v2\/media\/23697"}],"wp:attachment":[{"href":"https:\/\/cronicadesoledad.com\/index.php\/wp-json\/wp\/v2\/media?parent=23696"}],"wp:term":[{"taxonomy":"category","embeddable":true,"href":"https:\/\/cronicadesoledad.com\/index.php\/wp-json\/wp\/v2\/categories?post=23696"},{"taxonomy":"post_tag","embeddable":true,"href":"https:\/\/cronicadesoledad.com\/index.php\/wp-json\/wp\/v2\/tags?post=23696"}],"curies":[{"name":"wp","href":"https:\/\/api.w.org\/{rel}","templated":true}]}}