{"id":23699,"date":"2025-10-14T22:39:13","date_gmt":"2025-10-15T04:39:13","guid":{"rendered":"https:\/\/cronicadesoledad.com\/?p=23699"},"modified":"2025-10-14T22:39:14","modified_gmt":"2025-10-15T04:39:14","slug":"patronato-de-abastos-reconoce-intervencion-de-policias-de-soledad-tras-recuperacion-de-vehiculo-robado","status":"publish","type":"post","link":"https:\/\/cronicadesoledad.com\/index.php\/2025\/10\/14\/patronato-de-abastos-reconoce-intervencion-de-policias-de-soledad-tras-recuperacion-de-vehiculo-robado\/","title":{"rendered":"Patronato de Abastos reconoce intervenci\u00f3n de polic\u00edas de Soledad tras recuperaci\u00f3n de veh\u00edculo robado"},"content":{"rendered":"\n<p>El <strong>Patronato de la Central de Abastos<\/strong> reconoci\u00f3 la labor de los elementos de <strong>Seguridad Vial y Movilidad de la Guardia Civil Municipal de Soledad de Graciano S\u00e1nchez<\/strong>, luego de que lograron recuperar una <strong>camioneta Ford 2011 con mercanc\u00eda<\/strong> que hab\u00eda sido robada a un cliente dentro de las instalaciones del recinto comercial.<\/p>\n\n\n\n<p>El hecho ocurri\u00f3 la tarde del <strong>13 de octubre<\/strong>, cuando los afectados reportaron el robo del veh\u00edculo. De inmediato, las autoridades municipales coordinaron acciones con los comerciantes del lugar, activando un operativo de b\u00fasqueda.<\/p>\n\n\n\n<p>Como resultado de los recorridos de vigilancia, los oficiales localizaron la unidad <strong>una hora y media despu\u00e9s<\/strong> en un camino de terracer\u00eda de la <strong>comunidad C\u00e1ndido Navarro<\/strong>, donde fue encontrada aparentemente abandonada. La verificaci\u00f3n de las placas confirm\u00f3 que se trataba del veh\u00edculo reportado.<\/p>\n\n\n\n<p>El Patronato destac\u00f3 la <strong>oportuna intervenci\u00f3n de la corporaci\u00f3n municipal<\/strong>, subrayando que este tipo de acciones fortalecen la <strong>confianza de los comerciantes y clientes<\/strong> en las autoridades locales. La camioneta fue asegurada y, con apoyo de una gr\u00faa, trasladada para ser <strong>devuelta a su propietario<\/strong> conforme al protocolo legal correspondiente.<\/p>\n","protected":false},"excerpt":{"rendered":"<p>El Patronato de la Central de Abastos reconoci\u00f3 la labor de los elementos de Seguridad Vial y Movilidad de la Guardia Civil Municipal de Soledad de Graciano S\u00e1nchez, luego de que lograron recuperar una camioneta Ford 2011 con mercanc\u00eda que hab\u00eda sido robada a un cliente dentro de las instalaciones del recinto comercial. El hecho [&hellip;]<\/p>\n","protected":false},"author":2,"featured_media":23700,"comment_status":"open","ping_status":"open","sticky":false,"template":"","format":"standard","meta":{"footnotes":""},"categories":[1,24,19],"tags":[2475,294,276,261,27],"class_list":{"0":"post-23699","1":"post","2":"type-post","3":"status-publish","4":"format-standard","5":"has-post-thumbnail","7":"category-destacadas","8":"category-informacion-general","9":"category-seguridad","10":"tag-gcm","11":"tag-san-luis","12":"tag-seguridad","13":"tag-slp","14":"tag-soledad"},"_links":{"self":[{"href":"https:\/\/cronicadesoledad.com\/index.php\/wp-json\/wp\/v2\/posts\/23699","targetHints":{"allow":["GET"]}}],"collection":[{"href":"https:\/\/cronicadesoledad.com\/index.php\/wp-json\/wp\/v2\/posts"}],"about":[{"href":"https:\/\/cronicadesoledad.com\/index.php\/wp-json\/wp\/v2\/types\/post"}],"author":[{"embeddable":true,"href":"https:\/\/cronicadesoledad.com\/index.php\/wp-json\/wp\/v2\/users\/2"}],"replies":[{"embeddable":true,"href":"https:\/\/cronicadesoledad.com\/index.php\/wp-json\/wp\/v2\/comments?post=23699"}],"version-history":[{"count":1,"href":"https:\/\/cronicadesoledad.com\/index.php\/wp-json\/wp\/v2\/posts\/23699\/revisions"}],"predecessor-version":[{"id":23701,"href":"https:\/\/cronicadesoledad.com\/index.php\/wp-json\/wp\/v2\/posts\/23699\/revisions\/23701"}],"wp:featuredmedia":[{"embeddable":true,"href":"https:\/\/cronicadesoledad.com\/index.php\/wp-json\/wp\/v2\/media\/23700"}],"wp:attachment":[{"href":"https:\/\/cronicadesoledad.com\/index.php\/wp-json\/wp\/v2\/media?parent=23699"}],"wp:term":[{"taxonomy":"category","embeddable":true,"href":"https:\/\/cronicadesoledad.com\/index.php\/wp-json\/wp\/v2\/categories?post=23699"},{"taxonomy":"post_tag","embeddable":true,"href":"https:\/\/cronicadesoledad.com\/index.php\/wp-json\/wp\/v2\/tags?post=23699"}],"curies":[{"name":"wp","href":"https:\/\/api.w.org\/{rel}","templated":true}]}}