{"id":23702,"date":"2025-10-14T22:41:12","date_gmt":"2025-10-15T04:41:12","guid":{"rendered":"https:\/\/cronicadesoledad.com\/?p=23702"},"modified":"2025-10-14T22:41:12","modified_gmt":"2025-10-15T04:41:12","slug":"denuncian-presunto-caso-de-maltrato-animal-en-fraccionamiento-vizcaya","status":"publish","type":"post","link":"https:\/\/cronicadesoledad.com\/index.php\/2025\/10\/14\/denuncian-presunto-caso-de-maltrato-animal-en-fraccionamiento-vizcaya\/","title":{"rendered":"Denuncian presunto caso de maltrato animal en fraccionamiento Vizcaya"},"content":{"rendered":"\n<p>Habitantes del fraccionamiento <strong>Vizcaya<\/strong>, en la colonia <strong>Morelos 2<\/strong> de <strong>Soledad de Graciano S\u00e1nchez<\/strong>, denunciaron un presunto caso de <strong>maltrato animal<\/strong> en una vivienda ubicada en la calle <strong>Garay n\u00famero 804<\/strong>, donde aseguran que dos perros viven en condiciones inadecuadas y sin protecci\u00f3n ante la lluvia, el sol o el fr\u00edo.<\/p>\n\n\n\n<p>De acuerdo con los reportes vecinales, los animales permanecen entre <strong>basura y desechos<\/strong>, con <strong>escaso alimento<\/strong> y sin un techo que les brinde resguardo. Tras las lluvias recientes, uno de los canes fue visto <strong>cubierto de lodo<\/strong>, lo que evidenciar\u00eda el abandono en el que se encuentran.<\/p>\n\n\n\n<p>Los denunciantes se\u00f1alaron que la propietaria del inmueble no proporciona los cuidados necesarios y que, en ocasiones, uno de los perros permanece <strong>amarrado con una cadena<\/strong>. La situaci\u00f3n ha generado preocupaci\u00f3n en la zona, por lo que solicitaron la intervenci\u00f3n de las <strong>autoridades municipales<\/strong> para evaluar el caso y garantizar el bienestar de los animales.<\/p>\n\n\n\n<p>Debido a la cercan\u00eda con el <strong>Refugio Huellitas<\/strong>, los vecinos pidieron que el rescate se realice con acompa\u00f1amiento de organizaciones dedicadas a la protecci\u00f3n animal.<\/p>\n","protected":false},"excerpt":{"rendered":"<p>Habitantes del fraccionamiento Vizcaya, en la colonia Morelos 2 de Soledad de Graciano S\u00e1nchez, denunciaron un presunto caso de maltrato animal en una vivienda ubicada en la calle Garay n\u00famero 804, donde aseguran que dos perros viven en condiciones inadecuadas y sin protecci\u00f3n ante la lluvia, el sol o el fr\u00edo. De acuerdo con los [&hellip;]<\/p>\n","protected":false},"author":2,"featured_media":23703,"comment_status":"open","ping_status":"open","sticky":false,"template":"","format":"standard","meta":{"footnotes":""},"categories":[1,24],"tags":[2687,1751,1847,294,276,261,4909],"class_list":{"0":"post-23702","1":"post","2":"type-post","3":"status-publish","4":"format-standard","5":"has-post-thumbnail","7":"category-destacadas","8":"category-informacion-general","9":"tag-denuncia","10":"tag-maltrato-animal","11":"tag-perritos","12":"tag-san-luis","13":"tag-seguridad","14":"tag-slp","15":"tag-vizcaya"},"_links":{"self":[{"href":"https:\/\/cronicadesoledad.com\/index.php\/wp-json\/wp\/v2\/posts\/23702","targetHints":{"allow":["GET"]}}],"collection":[{"href":"https:\/\/cronicadesoledad.com\/index.php\/wp-json\/wp\/v2\/posts"}],"about":[{"href":"https:\/\/cronicadesoledad.com\/index.php\/wp-json\/wp\/v2\/types\/post"}],"author":[{"embeddable":true,"href":"https:\/\/cronicadesoledad.com\/index.php\/wp-json\/wp\/v2\/users\/2"}],"replies":[{"embeddable":true,"href":"https:\/\/cronicadesoledad.com\/index.php\/wp-json\/wp\/v2\/comments?post=23702"}],"version-history":[{"count":1,"href":"https:\/\/cronicadesoledad.com\/index.php\/wp-json\/wp\/v2\/posts\/23702\/revisions"}],"predecessor-version":[{"id":23704,"href":"https:\/\/cronicadesoledad.com\/index.php\/wp-json\/wp\/v2\/posts\/23702\/revisions\/23704"}],"wp:featuredmedia":[{"embeddable":true,"href":"https:\/\/cronicadesoledad.com\/index.php\/wp-json\/wp\/v2\/media\/23703"}],"wp:attachment":[{"href":"https:\/\/cronicadesoledad.com\/index.php\/wp-json\/wp\/v2\/media?parent=23702"}],"wp:term":[{"taxonomy":"category","embeddable":true,"href":"https:\/\/cronicadesoledad.com\/index.php\/wp-json\/wp\/v2\/categories?post=23702"},{"taxonomy":"post_tag","embeddable":true,"href":"https:\/\/cronicadesoledad.com\/index.php\/wp-json\/wp\/v2\/tags?post=23702"}],"curies":[{"name":"wp","href":"https:\/\/api.w.org\/{rel}","templated":true}]}}