{"id":23714,"date":"2025-10-14T22:52:00","date_gmt":"2025-10-15T04:52:00","guid":{"rendered":"https:\/\/cronicadesoledad.com\/?p=23714"},"modified":"2025-10-14T22:52:01","modified_gmt":"2025-10-15T04:52:01","slug":"inicia-ampliacion-de-pavimentacion-en-avenida-ponciano-arriaga-para-mejorar-la-movilidad-en-soledad","status":"publish","type":"post","link":"https:\/\/cronicadesoledad.com\/index.php\/2025\/10\/14\/inicia-ampliacion-de-pavimentacion-en-avenida-ponciano-arriaga-para-mejorar-la-movilidad-en-soledad\/","title":{"rendered":"Inicia ampliaci\u00f3n de pavimentaci\u00f3n en avenida Ponciano Arriaga para mejorar la movilidad en Soledad"},"content":{"rendered":"\n<p>El <strong>Ayuntamiento de Soledad de Graciano S\u00e1nchez<\/strong>, encabezado por el <strong>Alcalde Juan Manuel Navarro Mu\u00f1iz<\/strong>, inici\u00f3 los trabajos de <strong>pavimentaci\u00f3n con concreto hidr\u00e1ulico y alumbrado p\u00fablico<\/strong> en la <strong>avenida Ponciano Arriaga<\/strong>, en el tramo que va de <strong>calle Los Padilla a V\u00edctor Cervera Pacheco<\/strong>, con una <strong>inversi\u00f3n superior a 23.5 millones de pesos<\/strong>. La intervenci\u00f3n beneficiar\u00e1 directamente a <strong>casi 6 mil habitantes<\/strong>, consolidando la conectividad entre esta zona y vialidades como <strong>San Pedro, Valent\u00edn Amador y Circuito Potos\u00ed<\/strong>.<\/p>\n\n\n\n<p>El proyecto abarca m\u00e1s de <strong>5 mil 500 metros cuadrados<\/strong> e incluye la <strong>instalaci\u00f3n de drenaje pluvial y sanitario<\/strong>, <strong>l\u00edneas de agua potable<\/strong>, <strong>banquetas, guarniciones, se\u00f1al\u00e9tica y pintura<\/strong>, adem\u00e1s de un sistema de <strong>iluminaci\u00f3n p\u00fablica LED<\/strong>. La finalidad es <strong>agilizar el flujo vehicular<\/strong>, reforzar la <strong>seguridad peatonal<\/strong> y mejorar las condiciones de movilidad en uno de los accesos principales del sector.<\/p>\n\n\n\n<p>Durante el arranque de obra, el Alcalde inform\u00f3 que se trabaja paralelamente en un <strong>proceso de regularizaci\u00f3n jur\u00eddica de predios<\/strong>, en coordinaci\u00f3n con el <strong>Instituto Municipal de la Vivienda<\/strong>, con el prop\u00f3sito de brindar <strong>certeza patrimonial<\/strong> a las familias que residen en la zona. Se plantear\u00e1 un <strong>esquema de apoyo econ\u00f3mico<\/strong> para facilitar la obtenci\u00f3n de t\u00edtulos de propiedad y escrituras.<\/p>\n\n\n\n<p>La obra fue recibida con respaldo por parte de los habitantes, quienes se\u00f1alaron que la intervenci\u00f3n representa una <strong>mejora sustancial en los traslados y en la plusval\u00eda de las viviendas<\/strong>. El Ayuntamiento reiter\u00f3 que la pavimentaci\u00f3n de esta vialidad forma parte de una <strong>estrategia de conectividad urbana<\/strong> que continuar\u00e1 desarroll\u00e1ndose en otros puntos del municipio.<\/p>\n","protected":false},"excerpt":{"rendered":"<p>El Ayuntamiento de Soledad de Graciano S\u00e1nchez, encabezado por el Alcalde Juan Manuel Navarro Mu\u00f1iz, inici\u00f3 los trabajos de pavimentaci\u00f3n con concreto hidr\u00e1ulico y alumbrado p\u00fablico en la avenida Ponciano Arriaga, en el tramo que va de calle Los Padilla a V\u00edctor Cervera Pacheco, con una inversi\u00f3n superior a 23.5 millones de pesos. La intervenci\u00f3n [&hellip;]<\/p>\n","protected":false},"author":2,"featured_media":23715,"comment_status":"open","ping_status":"open","sticky":false,"template":"","format":"standard","meta":{"footnotes":""},"categories":[1,24,21],"tags":[223,4603,294,261,27],"class_list":{"0":"post-23714","1":"post","2":"type-post","3":"status-publish","4":"format-standard","5":"has-post-thumbnail","7":"category-destacadas","8":"category-informacion-general","9":"category-tu-soledad","10":"tag-ayuntamiento-soledense","11":"tag-ponciano-arriaga","12":"tag-san-luis","13":"tag-slp","14":"tag-soledad"},"_links":{"self":[{"href":"https:\/\/cronicadesoledad.com\/index.php\/wp-json\/wp\/v2\/posts\/23714","targetHints":{"allow":["GET"]}}],"collection":[{"href":"https:\/\/cronicadesoledad.com\/index.php\/wp-json\/wp\/v2\/posts"}],"about":[{"href":"https:\/\/cronicadesoledad.com\/index.php\/wp-json\/wp\/v2\/types\/post"}],"author":[{"embeddable":true,"href":"https:\/\/cronicadesoledad.com\/index.php\/wp-json\/wp\/v2\/users\/2"}],"replies":[{"embeddable":true,"href":"https:\/\/cronicadesoledad.com\/index.php\/wp-json\/wp\/v2\/comments?post=23714"}],"version-history":[{"count":1,"href":"https:\/\/cronicadesoledad.com\/index.php\/wp-json\/wp\/v2\/posts\/23714\/revisions"}],"predecessor-version":[{"id":23716,"href":"https:\/\/cronicadesoledad.com\/index.php\/wp-json\/wp\/v2\/posts\/23714\/revisions\/23716"}],"wp:featuredmedia":[{"embeddable":true,"href":"https:\/\/cronicadesoledad.com\/index.php\/wp-json\/wp\/v2\/media\/23715"}],"wp:attachment":[{"href":"https:\/\/cronicadesoledad.com\/index.php\/wp-json\/wp\/v2\/media?parent=23714"}],"wp:term":[{"taxonomy":"category","embeddable":true,"href":"https:\/\/cronicadesoledad.com\/index.php\/wp-json\/wp\/v2\/categories?post=23714"},{"taxonomy":"post_tag","embeddable":true,"href":"https:\/\/cronicadesoledad.com\/index.php\/wp-json\/wp\/v2\/tags?post=23714"}],"curies":[{"name":"wp","href":"https:\/\/api.w.org\/{rel}","templated":true}]}}