{"id":23765,"date":"2025-10-15T23:30:45","date_gmt":"2025-10-16T05:30:45","guid":{"rendered":"https:\/\/cronicadesoledad.com\/?p=23765"},"modified":"2025-10-15T23:30:46","modified_gmt":"2025-10-16T05:30:46","slug":"profepa-aplica-clausura-parcial-en-sitio-de-disposicion-de-residuos-en-la-comunidad-el-zapote","status":"publish","type":"post","link":"https:\/\/cronicadesoledad.com\/index.php\/2025\/10\/15\/profepa-aplica-clausura-parcial-en-sitio-de-disposicion-de-residuos-en-la-comunidad-el-zapote\/","title":{"rendered":"Profepa aplica clausura parcial en sitio de disposici\u00f3n de residuos en la comunidad El Zapote"},"content":{"rendered":"\n<p>La <strong>Procuradur\u00eda Federal de Protecci\u00f3n al Ambiente (Profepa)<\/strong> ejecut\u00f3 una <strong>clausura parcial<\/strong> en el tiradero ubicado en la comunidad de <strong>El Zapote<\/strong>, inform\u00f3 el <strong>secretario general del Ayuntamiento de Soledad<\/strong>, <strong>Benjam\u00edn P\u00e9rez \u00c1lvarez<\/strong>. De acuerdo con el funcionario, la medida no implic\u00f3 la suspensi\u00f3n total del servicio, por lo que el sitio contin\u00faa operando bajo acciones de remediaci\u00f3n.<\/p>\n\n\n\n<p>P\u00e9rez \u00c1lvarez indic\u00f3 que, tras la visita del personal federal, se reforzaron los trabajos de saneamiento en el \u00e1rea, mismos que desde a\u00f1os anteriores ha realizado la empresa <strong>Servicios Primarios y Reciclados del Potos\u00ed<\/strong>, atendiendo las disposiciones ambientales aplicables.<\/p>\n\n\n\n<p>El secretario se\u00f1al\u00f3 que el alcalde <strong>Juan Manuel Navarro Mu\u00f1iz<\/strong> ha planteado la creaci\u00f3n de un <strong>nuevo relleno sanitario metropolitano<\/strong>, proyecto que \u2014afirm\u00f3\u2014 registra avances y podr\u00eda iniciar su construcci\u00f3n durante este a\u00f1o.<\/p>\n\n\n\n<p>El plan contempla una inversi\u00f3n conjunta con el <strong>Gobierno del Estado<\/strong> y cuenta con dict\u00e1menes de la <strong>Secretar\u00eda de Desarrollo Urbano, Vivienda y Obra P\u00fablica (SEDUVOP)<\/strong> y de la <strong>Secretar\u00eda de Ecolog\u00eda y Gesti\u00f3n Ambiental (SEGAM)<\/strong>. Seg\u00fan lo expuesto, el nuevo sitio incorporar\u00eda tecnolog\u00eda con criterios de sustentabilidad.<\/p>\n","protected":false},"excerpt":{"rendered":"<p>La Procuradur\u00eda Federal de Protecci\u00f3n al Ambiente (Profepa) ejecut\u00f3 una clausura parcial en el tiradero ubicado en la comunidad de El Zapote, inform\u00f3 el secretario general del Ayuntamiento de Soledad, Benjam\u00edn P\u00e9rez \u00c1lvarez. De acuerdo con el funcionario, la medida no implic\u00f3 la suspensi\u00f3n total del servicio, por lo que el sitio contin\u00faa operando bajo [&hellip;]<\/p>\n","protected":false},"author":2,"featured_media":23766,"comment_status":"open","ping_status":"open","sticky":false,"template":"","format":"standard","meta":{"footnotes":""},"categories":[1,24],"tags":[2375,2931,869,294,261,27],"class_list":{"0":"post-23765","1":"post","2":"type-post","3":"status-publish","4":"format-standard","5":"has-post-thumbnail","7":"category-destacadas","8":"category-informacion-general","9":"tag-clausura","10":"tag-el-zapote","11":"tag-profepa","12":"tag-san-luis","13":"tag-slp","14":"tag-soledad"},"_links":{"self":[{"href":"https:\/\/cronicadesoledad.com\/index.php\/wp-json\/wp\/v2\/posts\/23765","targetHints":{"allow":["GET"]}}],"collection":[{"href":"https:\/\/cronicadesoledad.com\/index.php\/wp-json\/wp\/v2\/posts"}],"about":[{"href":"https:\/\/cronicadesoledad.com\/index.php\/wp-json\/wp\/v2\/types\/post"}],"author":[{"embeddable":true,"href":"https:\/\/cronicadesoledad.com\/index.php\/wp-json\/wp\/v2\/users\/2"}],"replies":[{"embeddable":true,"href":"https:\/\/cronicadesoledad.com\/index.php\/wp-json\/wp\/v2\/comments?post=23765"}],"version-history":[{"count":1,"href":"https:\/\/cronicadesoledad.com\/index.php\/wp-json\/wp\/v2\/posts\/23765\/revisions"}],"predecessor-version":[{"id":23767,"href":"https:\/\/cronicadesoledad.com\/index.php\/wp-json\/wp\/v2\/posts\/23765\/revisions\/23767"}],"wp:featuredmedia":[{"embeddable":true,"href":"https:\/\/cronicadesoledad.com\/index.php\/wp-json\/wp\/v2\/media\/23766"}],"wp:attachment":[{"href":"https:\/\/cronicadesoledad.com\/index.php\/wp-json\/wp\/v2\/media?parent=23765"}],"wp:term":[{"taxonomy":"category","embeddable":true,"href":"https:\/\/cronicadesoledad.com\/index.php\/wp-json\/wp\/v2\/categories?post=23765"},{"taxonomy":"post_tag","embeddable":true,"href":"https:\/\/cronicadesoledad.com\/index.php\/wp-json\/wp\/v2\/tags?post=23765"}],"curies":[{"name":"wp","href":"https:\/\/api.w.org\/{rel}","templated":true}]}}