{"id":23822,"date":"2025-10-17T23:39:44","date_gmt":"2025-10-18T05:39:44","guid":{"rendered":"https:\/\/cronicadesoledad.com\/?p=23822"},"modified":"2025-10-17T23:39:44","modified_gmt":"2025-10-18T05:39:44","slug":"ayuntamiento-de-soledad-reune-mas-de-tres-toneladas-de-viveres-para-familias-afectadas-en-la-huasteca","status":"publish","type":"post","link":"https:\/\/cronicadesoledad.com\/index.php\/2025\/10\/17\/ayuntamiento-de-soledad-reune-mas-de-tres-toneladas-de-viveres-para-familias-afectadas-en-la-huasteca\/","title":{"rendered":"Ayuntamiento de Soledad re\u00fane m\u00e1s de tres toneladas de v\u00edveres para familias afectadas en la Huasteca"},"content":{"rendered":"\n<p>El <strong>Ayuntamiento de Soledad de Graciano S\u00e1nchez<\/strong> concluy\u00f3 el centro de acopio instalado en la Plaza principal, donde se lograron reunir m\u00e1s de <strong>tres toneladas de v\u00edveres<\/strong>, entre <strong>alimentos no perecederos<\/strong>, <strong>pa\u00f1ales<\/strong>, <strong>f\u00f3rmula para beb\u00e9<\/strong>, <strong>agua embotellada<\/strong> y <strong>art\u00edculos de limpieza<\/strong>, aportados por habitantes del municipio. La totalidad de los insumos fue entregada al <strong>Gobierno del Estado<\/strong>, instancia encargada de trasladarlos a las familias afectadas en la <strong>Huasteca potosina<\/strong>.<\/p>\n\n\n\n<p>De acuerdo con la autoridad municipal, la campa\u00f1a se llev\u00f3 a cabo como respuesta a las afectaciones provocadas por las recientes precipitaciones en aquella regi\u00f3n, impulsando valores de <strong>solidaridad<\/strong> y <strong>participaci\u00f3n comunitaria<\/strong>. Durante la entrega de los apoyos, el comandante del <strong>Sistema de Protecci\u00f3n Civil Municipal<\/strong>, <strong>Mart\u00edn Bravo Galicia<\/strong>, reconoci\u00f3 la colaboraci\u00f3n ciudadana y destac\u00f3 el impacto positivo de la iniciativa.<\/p>\n\n\n\n<p>Adicionalmente, el Ayuntamiento inform\u00f3 que se prev\u00e9 la realizaci\u00f3n de un <strong>evento musical con DJ y agrupaciones sonideras<\/strong>, con el objetivo de continuar recabando donativos. Asimismo, los <strong>Centros de Desarrollo Comunitario<\/strong> permanecen habilitados como puntos de recepci\u00f3n para integrar una <strong>segunda entrega<\/strong> en favor de las familias damnificadas.<\/p>\n\n\n\n<p>Con estas acciones, el municipio refuerza los mecanismos de apoyo interinstitucional y promueve la organizaci\u00f3n social ante situaciones de emergencia.<\/p>\n\n\n\n<h5 class=\"wp-block-heading\"><\/h5>\n","protected":false},"excerpt":{"rendered":"<p>El Ayuntamiento de Soledad de Graciano S\u00e1nchez concluy\u00f3 el centro de acopio instalado en la Plaza principal, donde se lograron reunir m\u00e1s de tres toneladas de v\u00edveres, entre alimentos no perecederos, pa\u00f1ales, f\u00f3rmula para beb\u00e9, agua embotellada y art\u00edculos de limpieza, aportados por habitantes del municipio. La totalidad de los insumos fue entregada al Gobierno [&hellip;]<\/p>\n","protected":false},"author":2,"featured_media":23823,"comment_status":"open","ping_status":"open","sticky":false,"template":"","format":"standard","meta":{"footnotes":""},"categories":[1,24,21],"tags":[446,223,465,294,261,27],"class_list":{"0":"post-23822","1":"post","2":"type-post","3":"status-publish","4":"format-standard","5":"has-post-thumbnail","7":"category-destacadas","8":"category-informacion-general","9":"category-tu-soledad","10":"tag-apoyo","11":"tag-ayuntamiento-soledense","12":"tag-huasteca","13":"tag-san-luis","14":"tag-slp","15":"tag-soledad"},"_links":{"self":[{"href":"https:\/\/cronicadesoledad.com\/index.php\/wp-json\/wp\/v2\/posts\/23822","targetHints":{"allow":["GET"]}}],"collection":[{"href":"https:\/\/cronicadesoledad.com\/index.php\/wp-json\/wp\/v2\/posts"}],"about":[{"href":"https:\/\/cronicadesoledad.com\/index.php\/wp-json\/wp\/v2\/types\/post"}],"author":[{"embeddable":true,"href":"https:\/\/cronicadesoledad.com\/index.php\/wp-json\/wp\/v2\/users\/2"}],"replies":[{"embeddable":true,"href":"https:\/\/cronicadesoledad.com\/index.php\/wp-json\/wp\/v2\/comments?post=23822"}],"version-history":[{"count":1,"href":"https:\/\/cronicadesoledad.com\/index.php\/wp-json\/wp\/v2\/posts\/23822\/revisions"}],"predecessor-version":[{"id":23824,"href":"https:\/\/cronicadesoledad.com\/index.php\/wp-json\/wp\/v2\/posts\/23822\/revisions\/23824"}],"wp:featuredmedia":[{"embeddable":true,"href":"https:\/\/cronicadesoledad.com\/index.php\/wp-json\/wp\/v2\/media\/23823"}],"wp:attachment":[{"href":"https:\/\/cronicadesoledad.com\/index.php\/wp-json\/wp\/v2\/media?parent=23822"}],"wp:term":[{"taxonomy":"category","embeddable":true,"href":"https:\/\/cronicadesoledad.com\/index.php\/wp-json\/wp\/v2\/categories?post=23822"},{"taxonomy":"post_tag","embeddable":true,"href":"https:\/\/cronicadesoledad.com\/index.php\/wp-json\/wp\/v2\/tags?post=23822"}],"curies":[{"name":"wp","href":"https:\/\/api.w.org\/{rel}","templated":true}]}}