{"id":23831,"date":"2025-10-17T23:47:47","date_gmt":"2025-10-18T05:47:47","guid":{"rendered":"https:\/\/cronicadesoledad.com\/?p=23831"},"modified":"2025-10-17T23:47:47","modified_gmt":"2025-10-18T05:47:47","slug":"centros-comunitarios-de-soledad-celebran-el-dia-de-muertos-con-talleres-de-tradicion-y-creatividad","status":"publish","type":"post","link":"https:\/\/cronicadesoledad.com\/index.php\/2025\/10\/17\/centros-comunitarios-de-soledad-celebran-el-dia-de-muertos-con-talleres-de-tradicion-y-creatividad\/","title":{"rendered":"Centros comunitarios de Soledad celebran el D\u00eda de Muertos con talleres de tradici\u00f3n y creatividad"},"content":{"rendered":"\n<p>Los <strong>Centros de Desarrollo Comunitario<\/strong> del <strong>Sistema Municipal DIF de Soledad de Graciano S\u00e1nchez<\/strong> desarrollan una serie de talleres alusivos al <strong>D\u00eda de Muertos<\/strong>, con el prop\u00f3sito de preservar las tradiciones mexicanas y fortalecer la convivencia entre generaciones. Las actividades incluyen manualidades, gastronom\u00eda y preparaci\u00f3n de comparsas para pr\u00f3ximos desfiles.<\/p>\n\n\n\n<p>En el centro comunitario de <strong>Rivas Guill\u00e9n Norte<\/strong>, las y los participantes trabajan en <strong>m\u00e1scaras de Xantolo<\/strong>, <strong>coronas<\/strong> y <strong>figuras de catrinas<\/strong>; mientras que en <strong>Santo Tom\u00e1s<\/strong> se elaboran <strong>altares de muertos<\/strong>, <strong>flores de papel<\/strong> y elementos decorativos para el concurso convocado por <strong>INAPAM<\/strong>. En <strong>Rivas Sur<\/strong>, los asistentes se enfocan en la preparaci\u00f3n de <strong>coronas y flores de cempas\u00fachil<\/strong>, adem\u00e1s de ensayar para su participaci\u00f3n en el <strong>Desfile de Xantolo<\/strong>.<\/p>\n\n\n\n<p>El <strong>Taller de Cocina<\/strong> forma parte esencial de las actividades al permitir la preparaci\u00f3n de <strong>pan de muerto<\/strong>, incorporando el aspecto gastron\u00f3mico de la festividad. Paralelamente, los talleres de manualidades fomentan la <strong>creatividad y participaci\u00f3n activa de personas adultas mayores<\/strong>, quienes contribuyen a la elaboraci\u00f3n de <strong>altares y piezas decorativas<\/strong> representativas de la cultura mexicana.<\/p>\n\n\n\n<p>Como parte del programa, se contempla tambi\u00e9n la instalaci\u00f3n de un <strong>Altar de Muertos en el pante\u00f3n municipal<\/strong>, adornado con <strong>flores de cempas\u00fachil<\/strong> y elementos simb\u00f3licos propios de la tradici\u00f3n. Con estas acciones, los centros comunitarios se consolidan como espacios accesibles para el fortalecimiento de la <strong>identidad cultural y la integraci\u00f3n social<\/strong> en Soledad de Graciano S\u00e1nchez.<\/p>\n","protected":false},"excerpt":{"rendered":"<p>Los Centros de Desarrollo Comunitario del Sistema Municipal DIF de Soledad de Graciano S\u00e1nchez desarrollan una serie de talleres alusivos al D\u00eda de Muertos, con el prop\u00f3sito de preservar las tradiciones mexicanas y fortalecer la convivencia entre generaciones. Las actividades incluyen manualidades, gastronom\u00eda y preparaci\u00f3n de comparsas para pr\u00f3ximos desfiles. En el centro comunitario de [&hellip;]<\/p>\n","protected":false},"author":2,"featured_media":23832,"comment_status":"open","ping_status":"open","sticky":false,"template":"","format":"standard","meta":{"footnotes":""},"categories":[1,24,21],"tags":[223,2791,294,261,27],"class_list":{"0":"post-23831","1":"post","2":"type-post","3":"status-publish","4":"format-standard","5":"has-post-thumbnail","7":"category-destacadas","8":"category-informacion-general","9":"category-tu-soledad","10":"tag-ayuntamiento-soledense","11":"tag-dia-de-muertos-3","12":"tag-san-luis","13":"tag-slp","14":"tag-soledad"},"_links":{"self":[{"href":"https:\/\/cronicadesoledad.com\/index.php\/wp-json\/wp\/v2\/posts\/23831","targetHints":{"allow":["GET"]}}],"collection":[{"href":"https:\/\/cronicadesoledad.com\/index.php\/wp-json\/wp\/v2\/posts"}],"about":[{"href":"https:\/\/cronicadesoledad.com\/index.php\/wp-json\/wp\/v2\/types\/post"}],"author":[{"embeddable":true,"href":"https:\/\/cronicadesoledad.com\/index.php\/wp-json\/wp\/v2\/users\/2"}],"replies":[{"embeddable":true,"href":"https:\/\/cronicadesoledad.com\/index.php\/wp-json\/wp\/v2\/comments?post=23831"}],"version-history":[{"count":1,"href":"https:\/\/cronicadesoledad.com\/index.php\/wp-json\/wp\/v2\/posts\/23831\/revisions"}],"predecessor-version":[{"id":23833,"href":"https:\/\/cronicadesoledad.com\/index.php\/wp-json\/wp\/v2\/posts\/23831\/revisions\/23833"}],"wp:featuredmedia":[{"embeddable":true,"href":"https:\/\/cronicadesoledad.com\/index.php\/wp-json\/wp\/v2\/media\/23832"}],"wp:attachment":[{"href":"https:\/\/cronicadesoledad.com\/index.php\/wp-json\/wp\/v2\/media?parent=23831"}],"wp:term":[{"taxonomy":"category","embeddable":true,"href":"https:\/\/cronicadesoledad.com\/index.php\/wp-json\/wp\/v2\/categories?post=23831"},{"taxonomy":"post_tag","embeddable":true,"href":"https:\/\/cronicadesoledad.com\/index.php\/wp-json\/wp\/v2\/tags?post=23831"}],"curies":[{"name":"wp","href":"https:\/\/api.w.org\/{rel}","templated":true}]}}