{"id":23848,"date":"2025-10-20T03:04:00","date_gmt":"2025-10-20T09:04:00","guid":{"rendered":"https:\/\/cronicadesoledad.com\/?p=23848"},"modified":"2025-10-19T20:39:39","modified_gmt":"2025-10-20T02:39:39","slug":"atletico-de-luis-se-lleva-los-tres-puntos-en-casa","status":"publish","type":"post","link":"https:\/\/cronicadesoledad.com\/index.php\/2025\/10\/20\/atletico-de-luis-se-lleva-los-tres-puntos-en-casa\/","title":{"rendered":"Atl\u00e9tico de Luis se lleva los tres puntos en casa"},"content":{"rendered":"\n<p>El Atl\u00e9tico de San Luis regres\u00f3 a la victoria al derrotar 2-0 a los Rojinegros del Atlas en el Estadio Alfonso Lastras Ram\u00edrez, en actividad de la jornada 13 del Torneo Apertura de la Liga MX.<\/p>\n\n\n\n<p>El marcador se abri\u00f3 al minuto 18, luego de una falta de Matehus Doria sobre Joao Pedro dentro del \u00e1rea. Tras la revisi\u00f3n en el VAR, se decret\u00f3 penal que el propio delantero brasile\u00f1o convirti\u00f3 con un disparo a media altura para el 1-0.<\/p>\n\n\n\n<p>Minutos antes, el Atlas hab\u00eda generado su primera llegada con una incursi\u00f3n de Ezequiel Garc\u00eda, aunque la definici\u00f3n de Uros Djurdjevic sali\u00f3 desviada. M\u00e1s tarde, al 28\u2019, Luis Gonz\u00e1lez intent\u00f3 empatar con un remate cruzado que fue contenido por el guardameta Andr\u00e9s S\u00e1nchez, aunque la jugada fue invalidada por fuera de lugar.<\/p>\n\n\n\n<p>El 2-0 cay\u00f3 al minuto 43, con un centro de Sanabria que fue rematado de cabeza por \u00d3scar Mac\u00edas, ampliando la ventaja para el cuadro local. En el segundo tiempo, el conjunto visitante intent\u00f3 reaccionar, pero no gener\u00f3 opciones claras frente al arco potosino.<\/p>\n\n\n\n<p>Con este resultado, Atl\u00e9tico de San Luis suma tres unidades importantes en la clasificaci\u00f3n y cierra una racha sin triunfo en el torneo.<\/p>\n","protected":false},"excerpt":{"rendered":"<p>El Atl\u00e9tico de San Luis regres\u00f3 a la victoria al derrotar 2-0 a los Rojinegros del Atlas en el Estadio Alfonso Lastras Ram\u00edrez, en actividad de la jornada 13 del Torneo Apertura de la Liga MX. El marcador se abri\u00f3 al minuto 18, luego de una falta de Matehus Doria sobre Joao Pedro dentro del [&hellip;]<\/p>\n","protected":false},"author":2,"featured_media":23849,"comment_status":"open","ping_status":"open","sticky":false,"template":"","format":"standard","meta":{"footnotes":""},"categories":[20,1,24],"tags":[2947,1981,271,376,287,294,261],"class_list":{"0":"post-23848","1":"post","2":"type-post","3":"status-publish","4":"format-standard","5":"has-post-thumbnail","7":"category-cronica-deportiva","8":"category-destacadas","9":"category-informacion-general","10":"tag-atletico-de-san-luis-2","11":"tag-cronica-deportiva-2","12":"tag-deporte","13":"tag-liga-bbva-mx","14":"tag-nacional","15":"tag-san-luis","16":"tag-slp"},"_links":{"self":[{"href":"https:\/\/cronicadesoledad.com\/index.php\/wp-json\/wp\/v2\/posts\/23848","targetHints":{"allow":["GET"]}}],"collection":[{"href":"https:\/\/cronicadesoledad.com\/index.php\/wp-json\/wp\/v2\/posts"}],"about":[{"href":"https:\/\/cronicadesoledad.com\/index.php\/wp-json\/wp\/v2\/types\/post"}],"author":[{"embeddable":true,"href":"https:\/\/cronicadesoledad.com\/index.php\/wp-json\/wp\/v2\/users\/2"}],"replies":[{"embeddable":true,"href":"https:\/\/cronicadesoledad.com\/index.php\/wp-json\/wp\/v2\/comments?post=23848"}],"version-history":[{"count":1,"href":"https:\/\/cronicadesoledad.com\/index.php\/wp-json\/wp\/v2\/posts\/23848\/revisions"}],"predecessor-version":[{"id":23850,"href":"https:\/\/cronicadesoledad.com\/index.php\/wp-json\/wp\/v2\/posts\/23848\/revisions\/23850"}],"wp:featuredmedia":[{"embeddable":true,"href":"https:\/\/cronicadesoledad.com\/index.php\/wp-json\/wp\/v2\/media\/23849"}],"wp:attachment":[{"href":"https:\/\/cronicadesoledad.com\/index.php\/wp-json\/wp\/v2\/media?parent=23848"}],"wp:term":[{"taxonomy":"category","embeddable":true,"href":"https:\/\/cronicadesoledad.com\/index.php\/wp-json\/wp\/v2\/categories?post=23848"},{"taxonomy":"post_tag","embeddable":true,"href":"https:\/\/cronicadesoledad.com\/index.php\/wp-json\/wp\/v2\/tags?post=23848"}],"curies":[{"name":"wp","href":"https:\/\/api.w.org\/{rel}","templated":true}]}}