{"id":23852,"date":"2025-10-20T03:05:00","date_gmt":"2025-10-20T09:05:00","guid":{"rendered":"https:\/\/cronicadesoledad.com\/?p=23852"},"modified":"2025-10-19T20:42:38","modified_gmt":"2025-10-20T02:42:38","slug":"hombre-es-asesinado-a-balazos-en-la-san-francisco","status":"publish","type":"post","link":"https:\/\/cronicadesoledad.com\/index.php\/2025\/10\/20\/hombre-es-asesinado-a-balazos-en-la-san-francisco\/","title":{"rendered":"Hombre es asesinado a balazos en la San Francisco"},"content":{"rendered":"\n<p>Un hombre fue asesinado la tarde del pasado mi\u00e9rcoles en la <strong>calle privada Costa Rica<\/strong>, en la <strong>colonia San Francisco<\/strong> del municipio de <strong>Soledad de Graciano S\u00e1nchez<\/strong>. De acuerdo con los primeros reportes, la v\u00edctima recibi\u00f3 m\u00faltiples impactos de arma de fuego y falleci\u00f3 en el lugar.<\/p>\n\n\n\n<p>Testigos se\u00f1alaron que el ataque fue cometido por <strong>dos individuos que llegaron a bordo de una motocicleta<\/strong> hasta el n\u00famero <strong>100<\/strong> de la vialidad. Los agresores habr\u00edan disparado <strong>al menos cuatro veces<\/strong> antes de retirarse del sitio.<\/p>\n\n\n\n<p>Elementos de <strong>seguridad p\u00fablica<\/strong> y <strong>cuerpos de emergencia<\/strong> acudieron tras el reporte de detonaciones; sin embargo, \u00fanicamente confirmaron el deceso. La zona fue acordonada para el inicio de las diligencias correspondientes.<\/p>\n\n\n\n<p>Hasta el momento no se han reportado detenciones. La <strong>Fiscal\u00eda General del Estado (FGE)<\/strong> abri\u00f3 una <strong>carpeta de investigaci\u00f3n por homicidio doloso<\/strong>, mientras que autoridades locales mantienen un operativo para ubicar a los responsables.<\/p>\n\n\n\n<p>Vecinos del sector expresaron preocupaci\u00f3n por el incremento de hechos violentos en la zona y pidieron reforzar la vigilancia en el \u00e1rea.<\/p>\n","protected":false},"excerpt":{"rendered":"<p>Un hombre fue asesinado la tarde del pasado mi\u00e9rcoles en la calle privada Costa Rica, en la colonia San Francisco del municipio de Soledad de Graciano S\u00e1nchez. De acuerdo con los primeros reportes, la v\u00edctima recibi\u00f3 m\u00faltiples impactos de arma de fuego y falleci\u00f3 en el lugar. Testigos se\u00f1alaron que el ataque fue cometido por [&hellip;]<\/p>\n","protected":false},"author":2,"featured_media":23853,"comment_status":"open","ping_status":"open","sticky":false,"template":"","format":"standard","meta":{"footnotes":""},"categories":[1,24,19],"tags":[3382,4914,2588,294,276,261,27],"class_list":{"0":"post-23852","1":"post","2":"type-post","3":"status-publish","4":"format-standard","5":"has-post-thumbnail","7":"category-destacadas","8":"category-informacion-general","9":"category-seguridad","10":"tag-asesinado","11":"tag-balazos","12":"tag-san-francisco","13":"tag-san-luis","14":"tag-seguridad","15":"tag-slp","16":"tag-soledad"},"_links":{"self":[{"href":"https:\/\/cronicadesoledad.com\/index.php\/wp-json\/wp\/v2\/posts\/23852","targetHints":{"allow":["GET"]}}],"collection":[{"href":"https:\/\/cronicadesoledad.com\/index.php\/wp-json\/wp\/v2\/posts"}],"about":[{"href":"https:\/\/cronicadesoledad.com\/index.php\/wp-json\/wp\/v2\/types\/post"}],"author":[{"embeddable":true,"href":"https:\/\/cronicadesoledad.com\/index.php\/wp-json\/wp\/v2\/users\/2"}],"replies":[{"embeddable":true,"href":"https:\/\/cronicadesoledad.com\/index.php\/wp-json\/wp\/v2\/comments?post=23852"}],"version-history":[{"count":2,"href":"https:\/\/cronicadesoledad.com\/index.php\/wp-json\/wp\/v2\/posts\/23852\/revisions"}],"predecessor-version":[{"id":23856,"href":"https:\/\/cronicadesoledad.com\/index.php\/wp-json\/wp\/v2\/posts\/23852\/revisions\/23856"}],"wp:featuredmedia":[{"embeddable":true,"href":"https:\/\/cronicadesoledad.com\/index.php\/wp-json\/wp\/v2\/media\/23853"}],"wp:attachment":[{"href":"https:\/\/cronicadesoledad.com\/index.php\/wp-json\/wp\/v2\/media?parent=23852"}],"wp:term":[{"taxonomy":"category","embeddable":true,"href":"https:\/\/cronicadesoledad.com\/index.php\/wp-json\/wp\/v2\/categories?post=23852"},{"taxonomy":"post_tag","embeddable":true,"href":"https:\/\/cronicadesoledad.com\/index.php\/wp-json\/wp\/v2\/tags?post=23852"}],"curies":[{"name":"wp","href":"https:\/\/api.w.org\/{rel}","templated":true}]}}