{"id":23874,"date":"2025-10-20T22:23:05","date_gmt":"2025-10-21T04:23:05","guid":{"rendered":"https:\/\/cronicadesoledad.com\/?p=23874"},"modified":"2025-10-20T22:23:06","modified_gmt":"2025-10-21T04:23:06","slug":"soledad-presenta-tradicion-y-esencia-festividad-de-muertos-2025-con-arte-cultura-y-participacion-ciudadana","status":"publish","type":"post","link":"https:\/\/cronicadesoledad.com\/index.php\/2025\/10\/20\/soledad-presenta-tradicion-y-esencia-festividad-de-muertos-2025-con-arte-cultura-y-participacion-ciudadana\/","title":{"rendered":"Soledad presenta \u201cTradici\u00f3n y Esencia, Festividad de Muertos 2025\u201d con arte, cultura y participaci\u00f3n ciudadana"},"content":{"rendered":"\n<p>El <strong>Teatro y Centro Cultural de Soledad de Graciano S\u00e1nchez<\/strong> fue sede de la presentaci\u00f3n oficial del festival <strong>\u201cTradici\u00f3n y Esencia, Festividad de Muertos 2025\u201d<\/strong>, encabezada por el <strong>Alcalde Juan Manuel Navarro Mu\u00f1iz<\/strong>, quien dio a conocer el calendario de actividades culturales y art\u00edsticas que reforzar\u00e1n la identidad y el orgullo de las familias soledenses durante esta conmemoraci\u00f3n.<\/p>\n\n\n\n<p>Durante su intervenci\u00f3n, <strong>Navarro Mu\u00f1iz<\/strong> destac\u00f3 que el festival representa una oportunidad para <strong>honrar a quienes ya no est\u00e1n y fortalecer los lazos comunitarios<\/strong>, mediante eventos que promueven la convivencia, la memoria y el respeto por las tradiciones. \u201cEs importante seguir fomentando estas celebraciones que nos unen como comunidad, donde la cultura y el arte se convierten en medios para mantener viva nuestra historia y nuestras ra\u00edces\u201d, se\u00f1al\u00f3.<\/p>\n\n\n\n<p>El programa, organizado por el <strong>Ayuntamiento de Soledad de Graciano S\u00e1nchez<\/strong>, contar\u00e1 con presentaciones de <strong>comparsas huastecas<\/strong>, en coordinaci\u00f3n con el <strong>Gobierno del Estado<\/strong> que encabeza <strong>Ricardo Gallardo Cardona<\/strong>, dentro del evento estatal <strong>\u201cXantolo se Vive en tu Ciudad\u201d<\/strong>. Adem\u00e1s, se realizar\u00e1n <strong>talleres de cartoner\u00eda, maquillaje de catrinas, narraciones orales, proyecciones cinematogr\u00e1ficas, concursos de altares y calaveritas literarias<\/strong>, as\u00ed como el tradicional <strong>Desfile Xantolo<\/strong> y la <strong>Marcha Zombie<\/strong>.<\/p>\n\n\n\n<p>Las actividades, que se desarrollar\u00e1n del <strong>20 al 31 de octubre<\/strong>, incluir\u00e1n la participaci\u00f3n de \u00e1reas municipales como la <strong>Direcci\u00f3n de Cultura y Turismo<\/strong>, la <strong>Coordinaci\u00f3n de Atenci\u00f3n al Adulto Mayor<\/strong> y el <strong>Sistema Municipal DIF<\/strong>, cuyos <strong>centros comunitarios<\/strong> se sumar\u00e1n a esta celebraci\u00f3n. Todos los eventos ser\u00e1n <strong>gratuitos<\/strong> y se realizar\u00e1n en espacios como la <strong>Casa de Cultura<\/strong> y el <strong>Teatro y Centro Cultural de Soledad<\/strong>.<\/p>\n\n\n\n<p>Como parte de la programaci\u00f3n, el 27 de octubre se inaugurar\u00e1 un <strong>monumental altar de muertos<\/strong> en la <strong>Presidencia Municipal<\/strong>, s\u00edmbolo del respeto y el amor hacia quienes nos antecedieron. \u201cEsperamos que sea una gran fiesta, porque somos el \u00fanico pa\u00eds que r\u00ede y celebra la muerte; nuestras tradiciones deben mantenerse vivas\u201d, concluy\u00f3 el Alcalde.<\/p>\n","protected":false},"excerpt":{"rendered":"<p>El Teatro y Centro Cultural de Soledad de Graciano S\u00e1nchez fue sede de la presentaci\u00f3n oficial del festival \u201cTradici\u00f3n y Esencia, Festividad de Muertos 2025\u201d, encabezada por el Alcalde Juan Manuel Navarro Mu\u00f1iz, quien dio a conocer el calendario de actividades culturales y art\u00edsticas que reforzar\u00e1n la identidad y el orgullo de las familias soledenses [&hellip;]<\/p>\n","protected":false},"author":2,"featured_media":23875,"comment_status":"open","ping_status":"open","sticky":false,"template":"","format":"standard","meta":{"footnotes":""},"categories":[1,24,21],"tags":[223,294,261,27,451],"class_list":{"0":"post-23874","1":"post","2":"type-post","3":"status-publish","4":"format-standard","5":"has-post-thumbnail","7":"category-destacadas","8":"category-informacion-general","9":"category-tu-soledad","10":"tag-ayuntamiento-soledense","11":"tag-san-luis","12":"tag-slp","13":"tag-soledad","14":"tag-xantolo"},"_links":{"self":[{"href":"https:\/\/cronicadesoledad.com\/index.php\/wp-json\/wp\/v2\/posts\/23874","targetHints":{"allow":["GET"]}}],"collection":[{"href":"https:\/\/cronicadesoledad.com\/index.php\/wp-json\/wp\/v2\/posts"}],"about":[{"href":"https:\/\/cronicadesoledad.com\/index.php\/wp-json\/wp\/v2\/types\/post"}],"author":[{"embeddable":true,"href":"https:\/\/cronicadesoledad.com\/index.php\/wp-json\/wp\/v2\/users\/2"}],"replies":[{"embeddable":true,"href":"https:\/\/cronicadesoledad.com\/index.php\/wp-json\/wp\/v2\/comments?post=23874"}],"version-history":[{"count":1,"href":"https:\/\/cronicadesoledad.com\/index.php\/wp-json\/wp\/v2\/posts\/23874\/revisions"}],"predecessor-version":[{"id":23876,"href":"https:\/\/cronicadesoledad.com\/index.php\/wp-json\/wp\/v2\/posts\/23874\/revisions\/23876"}],"wp:featuredmedia":[{"embeddable":true,"href":"https:\/\/cronicadesoledad.com\/index.php\/wp-json\/wp\/v2\/media\/23875"}],"wp:attachment":[{"href":"https:\/\/cronicadesoledad.com\/index.php\/wp-json\/wp\/v2\/media?parent=23874"}],"wp:term":[{"taxonomy":"category","embeddable":true,"href":"https:\/\/cronicadesoledad.com\/index.php\/wp-json\/wp\/v2\/categories?post=23874"},{"taxonomy":"post_tag","embeddable":true,"href":"https:\/\/cronicadesoledad.com\/index.php\/wp-json\/wp\/v2\/tags?post=23874"}],"curies":[{"name":"wp","href":"https:\/\/api.w.org\/{rel}","templated":true}]}}