{"id":23947,"date":"2025-10-23T19:06:42","date_gmt":"2025-10-24T01:06:42","guid":{"rendered":"https:\/\/cronicadesoledad.com\/?p=23947"},"modified":"2025-10-23T19:06:43","modified_gmt":"2025-10-24T01:06:43","slug":"priorizando-la-salud-de-las-familias-alcalde-juan-manuel-navarro-inicia-campana-de-vacunacion-invernal-en-soledad","status":"publish","type":"post","link":"https:\/\/cronicadesoledad.com\/index.php\/2025\/10\/23\/priorizando-la-salud-de-las-familias-alcalde-juan-manuel-navarro-inicia-campana-de-vacunacion-invernal-en-soledad\/","title":{"rendered":"Priorizando la salud de las familias, Alcalde Juan Manuel Navarro inicia campa\u00f1a de vacunaci\u00f3n invernal en Soledad"},"content":{"rendered":"\n<p>El <strong>Alcalde de Soledad de Graciano S\u00e1nchez<\/strong>, <strong>Juan Manuel Navarro Mu\u00f1iz<\/strong>, dio inicio a la <strong>Campa\u00f1a de Vacunaci\u00f3n Invernal 2025<\/strong>, con el objetivo de proteger la salud de las familias ante el descenso de temperaturas y prevenir enfermedades respiratorias como la influenza y la neumon\u00eda. Esta acci\u00f3n preventiva, realizada en coordinaci\u00f3n con los tres \u00f3rdenes de gobierno, busca garantizar el acceso gratuito a la salud para toda la poblaci\u00f3n, con especial atenci\u00f3n a <strong>ni\u00f1as, ni\u00f1os, personas adultas mayores y pacientes con comorbilidades<\/strong>.<\/p>\n\n\n\n<p>Durante el arranque de la campa\u00f1a, el edil soledense destac\u00f3 la importancia de la <strong>prevenci\u00f3n y la cercan\u00eda<\/strong> del Gobierno Municipal con la ciudadan\u00eda. \u201cVamos a salir a las colonias porque la prevenci\u00f3n es clave. El llamado es a vacunarse; a veces hay temor por la reacci\u00f3n, pero la vacuna salva vidas. A trav\u00e9s de las redes sociales del municipio estaremos informando los puntos de aplicaci\u00f3n\u201d, se\u00f1al\u00f3 <strong>Navarro Mu\u00f1iz<\/strong>.<\/p>\n\n\n\n<p>La jornada se desarrollar\u00e1 del <strong>27 de octubre al 17 de noviembre<\/strong>, en un horario de <strong>10:00 de la ma\u00f1ana a 1:30 de la tarde<\/strong>, en los <strong>consultorios m\u00e9dicos comunitarios<\/strong> ubicados en <strong>San Felipe, La Virgen, UPA, Cactus, Enrique Estrada, Palma de la Cruz, Unidad Administrativa Municipal, La Pur\u00edsima, La Tinaja y la Presidencia Municipal<\/strong>. En total, se prev\u00e9 la aplicaci\u00f3n de <strong>m\u00e1s de 23 mil dosis<\/strong> de vacunas contra <strong>influenza y neumococo 13V<\/strong>, con el prop\u00f3sito de reducir los riesgos de contagio y complicaciones durante la temporada invernal.<\/p>\n\n\n\n<p>Asimismo, el Ayuntamiento inform\u00f3 que, para ampliar la cobertura, se contempla llevar brigadas de vacunaci\u00f3n a <strong>planteles educativos<\/strong> y comunidades rurales, asegurando que toda la poblaci\u00f3n, especialmente los grupos m\u00e1s vulnerables, tenga acceso a la inmunizaci\u00f3n.<\/p>\n\n\n\n<p>Con esta campa\u00f1a, el <strong>Gobierno Municipal de Soledad de Graciano S\u00e1nchez<\/strong> reafirma su compromiso de <strong>priorizar la salud p\u00fablica<\/strong>, promoviendo la prevenci\u00f3n y la atenci\u00f3n oportuna como pilares para el bienestar integral de las familias soledenses.<\/p>\n","protected":false},"excerpt":{"rendered":"<p>El Alcalde de Soledad de Graciano S\u00e1nchez, Juan Manuel Navarro Mu\u00f1iz, dio inicio a la Campa\u00f1a de Vacunaci\u00f3n Invernal 2025, con el objetivo de proteger la salud de las familias ante el descenso de temperaturas y prevenir enfermedades respiratorias como la influenza y la neumon\u00eda. Esta acci\u00f3n preventiva, realizada en coordinaci\u00f3n con los tres \u00f3rdenes [&hellip;]<\/p>\n","protected":false},"author":2,"featured_media":23948,"comment_status":"open","ping_status":"open","sticky":false,"template":"","format":"standard","meta":{"footnotes":""},"categories":[1,24,21],"tags":[223,269,294,261,27,4923],"class_list":{"0":"post-23947","1":"post","2":"type-post","3":"status-publish","4":"format-standard","5":"has-post-thumbnail","7":"category-destacadas","8":"category-informacion-general","9":"category-tu-soledad","10":"tag-ayuntamiento-soledense","11":"tag-salud","12":"tag-san-luis","13":"tag-slp","14":"tag-soledad","15":"tag-vacunas"},"_links":{"self":[{"href":"https:\/\/cronicadesoledad.com\/index.php\/wp-json\/wp\/v2\/posts\/23947","targetHints":{"allow":["GET"]}}],"collection":[{"href":"https:\/\/cronicadesoledad.com\/index.php\/wp-json\/wp\/v2\/posts"}],"about":[{"href":"https:\/\/cronicadesoledad.com\/index.php\/wp-json\/wp\/v2\/types\/post"}],"author":[{"embeddable":true,"href":"https:\/\/cronicadesoledad.com\/index.php\/wp-json\/wp\/v2\/users\/2"}],"replies":[{"embeddable":true,"href":"https:\/\/cronicadesoledad.com\/index.php\/wp-json\/wp\/v2\/comments?post=23947"}],"version-history":[{"count":1,"href":"https:\/\/cronicadesoledad.com\/index.php\/wp-json\/wp\/v2\/posts\/23947\/revisions"}],"predecessor-version":[{"id":23949,"href":"https:\/\/cronicadesoledad.com\/index.php\/wp-json\/wp\/v2\/posts\/23947\/revisions\/23949"}],"wp:featuredmedia":[{"embeddable":true,"href":"https:\/\/cronicadesoledad.com\/index.php\/wp-json\/wp\/v2\/media\/23948"}],"wp:attachment":[{"href":"https:\/\/cronicadesoledad.com\/index.php\/wp-json\/wp\/v2\/media?parent=23947"}],"wp:term":[{"taxonomy":"category","embeddable":true,"href":"https:\/\/cronicadesoledad.com\/index.php\/wp-json\/wp\/v2\/categories?post=23947"},{"taxonomy":"post_tag","embeddable":true,"href":"https:\/\/cronicadesoledad.com\/index.php\/wp-json\/wp\/v2\/tags?post=23947"}],"curies":[{"name":"wp","href":"https:\/\/api.w.org\/{rel}","templated":true}]}}