{"id":23975,"date":"2025-10-24T21:04:00","date_gmt":"2025-10-25T03:04:00","guid":{"rendered":"https:\/\/cronicadesoledad.com\/?p=23975"},"modified":"2025-10-25T00:38:45","modified_gmt":"2025-10-25T06:38:45","slug":"ayuntamiento-de-soledad-impulsa-el-atletismo-de-alto-nivel-al-sumarse-a-la-carrera-maraton-tv-2025","status":"publish","type":"post","link":"https:\/\/cronicadesoledad.com\/index.php\/2025\/10\/24\/ayuntamiento-de-soledad-impulsa-el-atletismo-de-alto-nivel-al-sumarse-a-la-carrera-maraton-tv-2025\/","title":{"rendered":"Ayuntamiento de Soledad impulsa el atletismo de alto nivel al sumarse a la \u201cCarrera Marat\u00f3n TV 2025\u201d"},"content":{"rendered":"\n<p>El <strong>Ayuntamiento de Soledad de Graciano S\u00e1nchez<\/strong>, a trav\u00e9s de la <strong>Coordinaci\u00f3n de Deportes<\/strong>, anunci\u00f3 su participaci\u00f3n en la <strong>6\u00aa edici\u00f3n de la Carrera Atl\u00e9tica Marat\u00f3n TV 2025<\/strong>, una de las competencias m\u00e1s importantes del pa\u00eds y de Am\u00e9rica Latina, reconocida por su nivel competitivo y la amplia convocatoria de atletas nacionales e internacionales. La colaboraci\u00f3n forma parte del compromiso del <strong>Alcalde Juan Manuel Navarro Mu\u00f1iz<\/strong> con el fomento del deporte y la activaci\u00f3n f\u00edsica entre la poblaci\u00f3n infantil y juvenil.<\/p>\n\n\n\n<p>El <strong>subdirector de Deportes<\/strong>, <strong>Hugo Esquivel Montora<\/strong>, destac\u00f3 que esta alianza con la <strong>Asociaci\u00f3n Mexicana de Asociaciones de Atletismo<\/strong> fortalece la pol\u00edtica municipal de brindar espacios y oportunidades para la recreaci\u00f3n, la competencia y la sana convivencia. \u201cSoledad se consolida como una sede comprometida con el desarrollo del deporte y el impulso de nuevas generaciones de atletas\u201d, afirm\u00f3.<\/p>\n\n\n\n<p>La competencia se llevar\u00e1 a cabo los d\u00edas <strong>15 y 16 de noviembre<\/strong> en el <strong>Parque Tangamanga II<\/strong>, con pruebas de <strong>5 kil\u00f3metros en categor\u00edas juveniles<\/strong>, <strong>una milla \u00e9lite<\/strong>, <strong>10 kil\u00f3metros popular<\/strong> y <strong>10 kil\u00f3metros \u00e9lite<\/strong>, en las ramas varonil y femenil. Participar\u00e1n corredores de <strong>M\u00e9xico, Latinoam\u00e9rica y \u00c1frica<\/strong>, en rutas certificadas que garantizan un nivel t\u00e9cnico y competitivo de excelencia.<\/p>\n\n\n\n<p>El <strong>Ayuntamiento de Soledad<\/strong> invita a la ciudadan\u00eda a participar e inscribirse en el portal oficial <a href=\"https:\/\/tutiempoatiempo.net\/event\/17710\">tutiempoatiempo.net\/event\/17710<\/a>, donde podr\u00e1n consultar las bases y detalles del evento. Con acciones como esta, el Gobierno Municipal reafirma su compromiso de <strong>impulsar el deporte de alto rendimiento<\/strong> y de apoyar las iniciativas que fomentan la <strong>disciplina, la salud y la convivencia familiar<\/strong> entre las y los soledenses.<\/p>\n","protected":false},"excerpt":{"rendered":"<p>El Ayuntamiento de Soledad de Graciano S\u00e1nchez, a trav\u00e9s de la Coordinaci\u00f3n de Deportes, anunci\u00f3 su participaci\u00f3n en la 6\u00aa edici\u00f3n de la Carrera Atl\u00e9tica Marat\u00f3n TV 2025, una de las competencias m\u00e1s importantes del pa\u00eds y de Am\u00e9rica Latina, reconocida por su nivel competitivo y la amplia convocatoria de atletas nacionales e internacionales. La [&hellip;]<\/p>\n","protected":false},"author":2,"featured_media":23976,"comment_status":"open","ping_status":"open","sticky":false,"template":"","format":"standard","meta":{"footnotes":""},"categories":[20,24,21],"tags":[223,4925,1981,271,294,261,27],"class_list":{"0":"post-23975","1":"post","2":"type-post","3":"status-publish","4":"format-standard","5":"has-post-thumbnail","7":"category-cronica-deportiva","8":"category-informacion-general","9":"category-tu-soledad","10":"tag-ayuntamiento-soledense","11":"tag-carrera-maraton-tv-2025","12":"tag-cronica-deportiva-2","13":"tag-deporte","14":"tag-san-luis","15":"tag-slp","16":"tag-soledad"},"_links":{"self":[{"href":"https:\/\/cronicadesoledad.com\/index.php\/wp-json\/wp\/v2\/posts\/23975","targetHints":{"allow":["GET"]}}],"collection":[{"href":"https:\/\/cronicadesoledad.com\/index.php\/wp-json\/wp\/v2\/posts"}],"about":[{"href":"https:\/\/cronicadesoledad.com\/index.php\/wp-json\/wp\/v2\/types\/post"}],"author":[{"embeddable":true,"href":"https:\/\/cronicadesoledad.com\/index.php\/wp-json\/wp\/v2\/users\/2"}],"replies":[{"embeddable":true,"href":"https:\/\/cronicadesoledad.com\/index.php\/wp-json\/wp\/v2\/comments?post=23975"}],"version-history":[{"count":1,"href":"https:\/\/cronicadesoledad.com\/index.php\/wp-json\/wp\/v2\/posts\/23975\/revisions"}],"predecessor-version":[{"id":23977,"href":"https:\/\/cronicadesoledad.com\/index.php\/wp-json\/wp\/v2\/posts\/23975\/revisions\/23977"}],"wp:featuredmedia":[{"embeddable":true,"href":"https:\/\/cronicadesoledad.com\/index.php\/wp-json\/wp\/v2\/media\/23976"}],"wp:attachment":[{"href":"https:\/\/cronicadesoledad.com\/index.php\/wp-json\/wp\/v2\/media?parent=23975"}],"wp:term":[{"taxonomy":"category","embeddable":true,"href":"https:\/\/cronicadesoledad.com\/index.php\/wp-json\/wp\/v2\/categories?post=23975"},{"taxonomy":"post_tag","embeddable":true,"href":"https:\/\/cronicadesoledad.com\/index.php\/wp-json\/wp\/v2\/tags?post=23975"}],"curies":[{"name":"wp","href":"https:\/\/api.w.org\/{rel}","templated":true}]}}