{"id":23987,"date":"2025-10-27T03:00:00","date_gmt":"2025-10-27T09:00:00","guid":{"rendered":"https:\/\/cronicadesoledad.com\/?p=23987"},"modified":"2025-10-27T02:18:48","modified_gmt":"2025-10-27T08:18:48","slug":"scjn-confirma-improcedencia-de-la-controversia-constitucional-promovida-por-la-uaslp-contra-el-ifse","status":"publish","type":"post","link":"https:\/\/cronicadesoledad.com\/index.php\/2025\/10\/27\/scjn-confirma-improcedencia-de-la-controversia-constitucional-promovida-por-la-uaslp-contra-el-ifse\/","title":{"rendered":"SCJN confirma improcedencia de la controversia constitucional promovida por la UASLP contra el IFSE"},"content":{"rendered":"\n<p>El <strong>Pleno de la Suprema Corte de Justicia de la Naci\u00f3n (SCJN)<\/strong> resolvi\u00f3 este jueves confirmar el desechamiento de la <strong>controversia constitucional<\/strong> promovida por la <strong>Universidad Aut\u00f3noma de San Luis Potos\u00ed (UASLP)<\/strong> contra el <strong>Instituto de Fiscalizaci\u00f3n Superior del Estado (IFSE)<\/strong>, al considerar que la instituci\u00f3n no cuenta con legitimidad para interponer este tipo de recursos.<\/p>\n\n\n\n<p>El proyecto, elaborado por la ministra <strong>Yasm\u00edn Esquivel Mossa<\/strong>, y previamente desechado por la ministra instructora <strong>Loretta Ortiz Ahlf<\/strong>, sostuvo que la universidad no puede ser considerada un <strong>\u00f3rgano constitucional aut\u00f3nomo<\/strong>, sino un <strong>organismo descentralizado del Estado<\/strong> con autonom\u00eda de gesti\u00f3n y autogobierno, lo que no le otorga la independencia necesaria para promover una controversia ante la Corte.<\/p>\n\n\n\n<p>Durante la sesi\u00f3n p\u00fablica, se precis\u00f3 que la <strong>autonom\u00eda universitaria<\/strong> reconocida en la Constituci\u00f3n estatal no equivale a <strong>autonom\u00eda constitucional<\/strong>, por lo que las universidades no forman parte de los entes facultados para promover medios de control constitucional conforme al art\u00edculo 105 de la <strong>Constituci\u00f3n Pol\u00edtica de los Estados Unidos Mexicanos<\/strong>.<\/p>\n\n\n\n<p>El proyecto, con ajustes propuestos por las ministras <strong>Sara Irene Herrer\u00edas Guerra<\/strong> y <strong>Yasm\u00edn Esquivel<\/strong>, fue aprobado por <strong>unanimidad de los once ministros<\/strong>. Con esta resoluci\u00f3n, la Corte reafirma que la <strong>UASLP<\/strong> no tiene legitimidad para impugnar las auditor\u00edas del <strong>IFSE<\/strong>, lo que deja sin efecto su intento de controvertir la fiscalizaci\u00f3n de sus recursos propios y consolida las atribuciones del \u00f3rgano estatal.<\/p>\n\n\n\n<p>La decisi\u00f3n pone fin al <strong>Recurso de Reclamaci\u00f3n 43\/2025-CA<\/strong>, interpuesto tras el rechazo de la controversia <strong>178\/2025<\/strong>, y marca un nuevo episodio en el conflicto entre la universidad y el instituto fiscalizador, que mantiene <strong>observaciones por m\u00e1s de 600 millones de pesos<\/strong> en la <strong>cuenta p\u00fablica 2023<\/strong>.<\/p>\n","protected":false},"excerpt":{"rendered":"<p>El Pleno de la Suprema Corte de Justicia de la Naci\u00f3n (SCJN) resolvi\u00f3 este jueves confirmar el desechamiento de la controversia constitucional promovida por la Universidad Aut\u00f3noma de San Luis Potos\u00ed (UASLP) contra el Instituto de Fiscalizaci\u00f3n Superior del Estado (IFSE), al considerar que la instituci\u00f3n no cuenta con legitimidad para interponer este tipo de [&hellip;]<\/p>\n","protected":false},"author":2,"featured_media":23988,"comment_status":"open","ping_status":"open","sticky":false,"template":"","format":"standard","meta":{"footnotes":""},"categories":[1,24,3160],"tags":[2773,287,294,2690,261,150],"class_list":{"0":"post-23987","1":"post","2":"type-post","3":"status-publish","4":"format-standard","5":"has-post-thumbnail","7":"category-destacadas","8":"category-informacion-general","9":"category-uaslp","10":"tag-ifse","11":"tag-nacional","12":"tag-san-luis","13":"tag-scjn","14":"tag-slp","15":"tag-uaslp"},"_links":{"self":[{"href":"https:\/\/cronicadesoledad.com\/index.php\/wp-json\/wp\/v2\/posts\/23987","targetHints":{"allow":["GET"]}}],"collection":[{"href":"https:\/\/cronicadesoledad.com\/index.php\/wp-json\/wp\/v2\/posts"}],"about":[{"href":"https:\/\/cronicadesoledad.com\/index.php\/wp-json\/wp\/v2\/types\/post"}],"author":[{"embeddable":true,"href":"https:\/\/cronicadesoledad.com\/index.php\/wp-json\/wp\/v2\/users\/2"}],"replies":[{"embeddable":true,"href":"https:\/\/cronicadesoledad.com\/index.php\/wp-json\/wp\/v2\/comments?post=23987"}],"version-history":[{"count":1,"href":"https:\/\/cronicadesoledad.com\/index.php\/wp-json\/wp\/v2\/posts\/23987\/revisions"}],"predecessor-version":[{"id":23989,"href":"https:\/\/cronicadesoledad.com\/index.php\/wp-json\/wp\/v2\/posts\/23987\/revisions\/23989"}],"wp:featuredmedia":[{"embeddable":true,"href":"https:\/\/cronicadesoledad.com\/index.php\/wp-json\/wp\/v2\/media\/23988"}],"wp:attachment":[{"href":"https:\/\/cronicadesoledad.com\/index.php\/wp-json\/wp\/v2\/media?parent=23987"}],"wp:term":[{"taxonomy":"category","embeddable":true,"href":"https:\/\/cronicadesoledad.com\/index.php\/wp-json\/wp\/v2\/categories?post=23987"},{"taxonomy":"post_tag","embeddable":true,"href":"https:\/\/cronicadesoledad.com\/index.php\/wp-json\/wp\/v2\/tags?post=23987"}],"curies":[{"name":"wp","href":"https:\/\/api.w.org\/{rel}","templated":true}]}}