{"id":23993,"date":"2025-10-27T03:02:00","date_gmt":"2025-10-27T09:02:00","guid":{"rendered":"https:\/\/cronicadesoledad.com\/?p=23993"},"modified":"2025-10-27T02:22:57","modified_gmt":"2025-10-27T08:22:57","slug":"fallecio-manuel-lapuente-historico-entrenador-del-futbol-mexicano-a-los-81-anos","status":"publish","type":"post","link":"https:\/\/cronicadesoledad.com\/index.php\/2025\/10\/27\/fallecio-manuel-lapuente-historico-entrenador-del-futbol-mexicano-a-los-81-anos\/","title":{"rendered":"Falleci\u00f3 Manuel Lapuente, hist\u00f3rico entrenador del futbol mexicano, a los 81 a\u00f1os"},"content":{"rendered":"\n<p>El futbol mexicano perdi\u00f3 a una de sus figuras m\u00e1s emblem\u00e1ticas con el fallecimiento de Manuel Lapuente, ocurrido este s\u00e1bado 25 de octubre de 2025 a los 81 a\u00f1os de edad. La noticia fue confirmada por el comunicador Ra\u00fal Orva\u00f1anos a trav\u00e9s de la red social X, aunque hasta el momento no se han dado a conocer las causas del deceso.<\/p>\n\n\n\n<p>\u201cFalleci\u00f3 un gran amigo y extraordinario futbolista y t\u00e9cnico. Manuel Lapuente. Descansa, My Friend\u201d, escribi\u00f3 Orva\u00f1anos en su publicaci\u00f3n. La noticia gener\u00f3 reacciones en el \u00e1mbito deportivo, donde el estratega fue ampliamente reconocido por su trayectoria en los banquillos y su legado en el futbol nacional.<\/p>\n\n\n\n<p>Durante su carrera, Lapuente conquist\u00f3 t\u00edtulos de liga con Am\u00e9rica, Necaxa y Puebla, y llev\u00f3 a la Selecci\u00f3n Mexicana al Mundial de Francia 1998, adem\u00e1s de obtener la Copa Confederaciones de 1999, uno de los mayores logros del combinado nacional. Como jugador, milit\u00f3 en Monterrey, Necaxa, Puebla y Atlas, destacando como subcampe\u00f3n de goleo en la temporada 1966-67 con 20 anotaciones.<\/p>\n\n\n\n<p>En homenaje a su trayectoria, el partido entre Tigres y Tijuana, correspondiente a la Jornada 15 del Torneo Apertura 2025, inici\u00f3 con un minuto de silencio en el estadio Universitario, donde aficionados y jugadores rindieron tributo al exentrenador nacional.<\/p>\n","protected":false},"excerpt":{"rendered":"<p>El futbol mexicano perdi\u00f3 a una de sus figuras m\u00e1s emblem\u00e1ticas con el fallecimiento de Manuel Lapuente, ocurrido este s\u00e1bado 25 de octubre de 2025 a los 81 a\u00f1os de edad. La noticia fue confirmada por el comunicador Ra\u00fal Orva\u00f1anos a trav\u00e9s de la red social X, aunque hasta el momento no se han dado [&hellip;]<\/p>\n","protected":false},"author":2,"featured_media":23994,"comment_status":"open","ping_status":"open","sticky":false,"template":"","format":"standard","meta":{"footnotes":""},"categories":[20,1,24],"tags":[321,271,272,288,4927,287],"class_list":{"0":"post-23993","1":"post","2":"type-post","3":"status-publish","4":"format-standard","5":"has-post-thumbnail","7":"category-cronica-deportiva","8":"category-destacadas","9":"category-informacion-general","10":"tag-cronica-deportiva","11":"tag-deporte","12":"tag-futbol","13":"tag-internacional","14":"tag-manuel-lapuente","15":"tag-nacional"},"_links":{"self":[{"href":"https:\/\/cronicadesoledad.com\/index.php\/wp-json\/wp\/v2\/posts\/23993","targetHints":{"allow":["GET"]}}],"collection":[{"href":"https:\/\/cronicadesoledad.com\/index.php\/wp-json\/wp\/v2\/posts"}],"about":[{"href":"https:\/\/cronicadesoledad.com\/index.php\/wp-json\/wp\/v2\/types\/post"}],"author":[{"embeddable":true,"href":"https:\/\/cronicadesoledad.com\/index.php\/wp-json\/wp\/v2\/users\/2"}],"replies":[{"embeddable":true,"href":"https:\/\/cronicadesoledad.com\/index.php\/wp-json\/wp\/v2\/comments?post=23993"}],"version-history":[{"count":1,"href":"https:\/\/cronicadesoledad.com\/index.php\/wp-json\/wp\/v2\/posts\/23993\/revisions"}],"predecessor-version":[{"id":23995,"href":"https:\/\/cronicadesoledad.com\/index.php\/wp-json\/wp\/v2\/posts\/23993\/revisions\/23995"}],"wp:featuredmedia":[{"embeddable":true,"href":"https:\/\/cronicadesoledad.com\/index.php\/wp-json\/wp\/v2\/media\/23994"}],"wp:attachment":[{"href":"https:\/\/cronicadesoledad.com\/index.php\/wp-json\/wp\/v2\/media?parent=23993"}],"wp:term":[{"taxonomy":"category","embeddable":true,"href":"https:\/\/cronicadesoledad.com\/index.php\/wp-json\/wp\/v2\/categories?post=23993"},{"taxonomy":"post_tag","embeddable":true,"href":"https:\/\/cronicadesoledad.com\/index.php\/wp-json\/wp\/v2\/tags?post=23993"}],"curies":[{"name":"wp","href":"https:\/\/api.w.org\/{rel}","templated":true}]}}