{"id":24002,"date":"2025-10-27T03:05:00","date_gmt":"2025-10-27T09:05:00","guid":{"rendered":"https:\/\/cronicadesoledad.com\/?p=24002"},"modified":"2025-10-27T02:29:55","modified_gmt":"2025-10-27T08:29:55","slug":"detuvieron-a-uno-de-los-responsables-de-violacion-de-joven-en-la-uaslp","status":"publish","type":"post","link":"https:\/\/cronicadesoledad.com\/index.php\/2025\/10\/27\/detuvieron-a-uno-de-los-responsables-de-violacion-de-joven-en-la-uaslp\/","title":{"rendered":"Detuvieron a uno de los responsables de violaci\u00f3n de joven en la UASLP"},"content":{"rendered":"\n<p>La <strong>Fiscal\u00eda General del Estado de San Luis Potos\u00ed (FGESLP)<\/strong> inform\u00f3 la detenci\u00f3n de <strong>Santiago N.<\/strong>, se\u00f1alado como uno de los presuntos responsables del caso de <strong>violaci\u00f3n<\/strong> ocurrido en un <strong>plantel universitario de la capital potosina<\/strong>, hecho que gener\u00f3 <strong>manifestaciones estudiantiles<\/strong> y una amplia respuesta social en los \u00faltimos d\u00edas.<\/p>\n\n\n\n<p>El <strong>gobernador Ricardo Gallardo Cardona<\/strong> dio a conocer la detenci\u00f3n a trav\u00e9s de sus redes oficiales, destacando que se logr\u00f3 mediante un operativo conjunto entre la <strong>polic\u00eda investigadora<\/strong> y la <strong>Fiscal\u00eda estatal<\/strong>. Tambi\u00e9n confirm\u00f3 que los otros presuntos implicados ya fueron <strong>plenamente identificados<\/strong>, y que contin\u00faan los trabajos para lograr su localizaci\u00f3n y presentaci\u00f3n ante las autoridades competentes.<\/p>\n\n\n\n<p>La <strong>FGESLP<\/strong> adelant\u00f3 que ofrecer\u00e1 una <strong>rueda de prensa<\/strong> este mi\u00e9rcoles para informar sobre los avances del caso, as\u00ed como las acciones que se implementar\u00e1n para <strong>reforzar la seguridad<\/strong> en los planteles educativos del estado.<\/p>\n\n\n\n<p>De acuerdo con la denuncia presentada, los hechos habr\u00edan ocurrido dentro de una <strong>oficina vinculada a la representaci\u00f3n estudiantil<\/strong> en la <strong>Facultad de Derecho de la Universidad Aut\u00f3noma de San Luis Potos\u00ed (UASLP)<\/strong>. En el caso estar\u00edan involucrados <strong>dos estudiantes<\/strong> y una persona <strong>ajena a la instituci\u00f3n<\/strong>.<\/p>\n\n\n\n<p>En d\u00edas recientes, estudiantes tomaron las instalaciones de la facultad y difundieron un <strong>pliego petitorio<\/strong> en el que solicitaron la <strong>destituci\u00f3n de representantes de la FUP<\/strong>, la garant\u00eda de <strong>no represalias<\/strong>, <strong>transparencia en las investigaciones<\/strong> y la creaci\u00f3n de <strong>protocolos efectivos contra la violencia de g\u00e9nero<\/strong> dentro de la universidad.<\/p>\n","protected":false},"excerpt":{"rendered":"<p>La Fiscal\u00eda General del Estado de San Luis Potos\u00ed (FGESLP) inform\u00f3 la detenci\u00f3n de Santiago N., se\u00f1alado como uno de los presuntos responsables del caso de violaci\u00f3n ocurrido en un plantel universitario de la capital potosina, hecho que gener\u00f3 manifestaciones estudiantiles y una amplia respuesta social en los \u00faltimos d\u00edas. El gobernador Ricardo Gallardo Cardona [&hellip;]<\/p>\n","protected":false},"author":2,"featured_media":24003,"comment_status":"open","ping_status":"open","sticky":false,"template":"","format":"standard","meta":{"footnotes":""},"categories":[1,24,19],"tags":[1503,473,294,4931,276,261,2438],"class_list":{"0":"post-24002","1":"post","2":"type-post","3":"status-publish","4":"format-standard","5":"has-post-thumbnail","7":"category-destacadas","8":"category-informacion-general","9":"category-seguridad","10":"tag-detenido","11":"tag-fgeslp","12":"tag-san-luis","13":"tag-santiago","14":"tag-seguridad","15":"tag-slp","16":"tag-violacion-2"},"_links":{"self":[{"href":"https:\/\/cronicadesoledad.com\/index.php\/wp-json\/wp\/v2\/posts\/24002","targetHints":{"allow":["GET"]}}],"collection":[{"href":"https:\/\/cronicadesoledad.com\/index.php\/wp-json\/wp\/v2\/posts"}],"about":[{"href":"https:\/\/cronicadesoledad.com\/index.php\/wp-json\/wp\/v2\/types\/post"}],"author":[{"embeddable":true,"href":"https:\/\/cronicadesoledad.com\/index.php\/wp-json\/wp\/v2\/users\/2"}],"replies":[{"embeddable":true,"href":"https:\/\/cronicadesoledad.com\/index.php\/wp-json\/wp\/v2\/comments?post=24002"}],"version-history":[{"count":1,"href":"https:\/\/cronicadesoledad.com\/index.php\/wp-json\/wp\/v2\/posts\/24002\/revisions"}],"predecessor-version":[{"id":24004,"href":"https:\/\/cronicadesoledad.com\/index.php\/wp-json\/wp\/v2\/posts\/24002\/revisions\/24004"}],"wp:featuredmedia":[{"embeddable":true,"href":"https:\/\/cronicadesoledad.com\/index.php\/wp-json\/wp\/v2\/media\/24003"}],"wp:attachment":[{"href":"https:\/\/cronicadesoledad.com\/index.php\/wp-json\/wp\/v2\/media?parent=24002"}],"wp:term":[{"taxonomy":"category","embeddable":true,"href":"https:\/\/cronicadesoledad.com\/index.php\/wp-json\/wp\/v2\/categories?post=24002"},{"taxonomy":"post_tag","embeddable":true,"href":"https:\/\/cronicadesoledad.com\/index.php\/wp-json\/wp\/v2\/tags?post=24002"}],"curies":[{"name":"wp","href":"https:\/\/api.w.org\/{rel}","templated":true}]}}