{"id":24006,"date":"2025-10-27T03:06:00","date_gmt":"2025-10-27T09:06:00","guid":{"rendered":"https:\/\/cronicadesoledad.com\/?p=24006"},"modified":"2025-10-27T02:32:08","modified_gmt":"2025-10-27T08:32:08","slug":"tradicion-y-cultura-se-unen-en-el-festival-de-dia-de-muertos","status":"publish","type":"post","link":"https:\/\/cronicadesoledad.com\/index.php\/2025\/10\/27\/tradicion-y-cultura-se-unen-en-el-festival-de-dia-de-muertos\/","title":{"rendered":"Tradici\u00f3n y cultura se unen en el Festival de D\u00eda de Muertos"},"content":{"rendered":"\n<p>El <strong>Gobierno Municipal de Villa de Pozos<\/strong>, a trav\u00e9s de la <strong>Direcci\u00f3n de Cultura<\/strong>, inaugur\u00f3 el <strong>Festival de D\u00eda de Muertos Villa de Pozos 2025<\/strong> con una serie de actividades que unieron tradici\u00f3n, arte y espiritualidad en la <strong>plaza principal<\/strong> de la localidad.<\/p>\n\n\n\n<p>El arranque del festival incluy\u00f3 la presentaci\u00f3n de la <strong>Comparsa Xantolo \u201cLos Vaqueros del Hulero\u201d<\/strong>, proveniente del municipio de <strong>Tampac\u00e1n<\/strong>, quienes cautivaron al p\u00fablico con su colorido desfile, danzas tradicionales y las emblem\u00e1ticas m\u00e1scaras que caracterizan esta celebraci\u00f3n ancestral de la <strong>Huasteca Potosina<\/strong>.<\/p>\n\n\n\n<p>Previo a la comparsa, se llev\u00f3 a cabo un <strong>Ritual de Apertura<\/strong> guiado por un <strong>Cham\u00e1n Tradicional<\/strong>, donde las y los asistentes participaron en una ceremonia simb\u00f3lica que evoc\u00f3 la conexi\u00f3n entre los vivos y sus ancestros, acompa\u00f1ada de m\u00fasica, ofrendas y elementos representativos del <strong>Xantolo<\/strong>.<\/p>\n\n\n\n<p>Como parte de las actividades inaugurales, tambi\u00e9n se realiz\u00f3 la <strong>inauguraci\u00f3n del Altar de Muertos<\/strong> frente a la <strong>Presidencia Municipal<\/strong>, elaborado con flores de <strong>cempas\u00fachil<\/strong>, veladoras, papel picado, calaveras y ofrendas dedicadas a las almas que regresan a convivir con sus seres queridos.<\/p>\n\n\n\n<p>El <strong>Festival de D\u00eda de Muertos<\/strong> en <strong>Villa de Pozos<\/strong> reafirma el compromiso del municipio con la <strong>preservaci\u00f3n de las tradiciones mexicanas<\/strong>, fortaleciendo la identidad cultural y ofreciendo a las familias un espacio de convivencia, memoria y respeto por las ra\u00edces que dan vida a esta celebraci\u00f3n.<\/p>\n","protected":false},"excerpt":{"rendered":"<p>El Gobierno Municipal de Villa de Pozos, a trav\u00e9s de la Direcci\u00f3n de Cultura, inaugur\u00f3 el Festival de D\u00eda de Muertos Villa de Pozos 2025 con una serie de actividades que unieron tradici\u00f3n, arte y espiritualidad en la plaza principal de la localidad. El arranque del festival incluy\u00f3 la presentaci\u00f3n de la Comparsa Xantolo \u201cLos [&hellip;]<\/p>\n","protected":false},"author":2,"featured_media":24007,"comment_status":"open","ping_status":"open","sticky":false,"template":"","format":"standard","meta":{"footnotes":""},"categories":[1,24,3175],"tags":[2829,4932,294,261,1068],"class_list":{"0":"post-24006","1":"post","2":"type-post","3":"status-publish","4":"format-standard","5":"has-post-thumbnail","7":"category-destacadas","8":"category-informacion-general","9":"category-pozos","10":"tag-ayuntamiento-de-villa-de-pozos","11":"tag-festival-de-dia-de-muertos","12":"tag-san-luis","13":"tag-slp","14":"tag-villa-de-pozos"},"_links":{"self":[{"href":"https:\/\/cronicadesoledad.com\/index.php\/wp-json\/wp\/v2\/posts\/24006","targetHints":{"allow":["GET"]}}],"collection":[{"href":"https:\/\/cronicadesoledad.com\/index.php\/wp-json\/wp\/v2\/posts"}],"about":[{"href":"https:\/\/cronicadesoledad.com\/index.php\/wp-json\/wp\/v2\/types\/post"}],"author":[{"embeddable":true,"href":"https:\/\/cronicadesoledad.com\/index.php\/wp-json\/wp\/v2\/users\/2"}],"replies":[{"embeddable":true,"href":"https:\/\/cronicadesoledad.com\/index.php\/wp-json\/wp\/v2\/comments?post=24006"}],"version-history":[{"count":1,"href":"https:\/\/cronicadesoledad.com\/index.php\/wp-json\/wp\/v2\/posts\/24006\/revisions"}],"predecessor-version":[{"id":24008,"href":"https:\/\/cronicadesoledad.com\/index.php\/wp-json\/wp\/v2\/posts\/24006\/revisions\/24008"}],"wp:featuredmedia":[{"embeddable":true,"href":"https:\/\/cronicadesoledad.com\/index.php\/wp-json\/wp\/v2\/media\/24007"}],"wp:attachment":[{"href":"https:\/\/cronicadesoledad.com\/index.php\/wp-json\/wp\/v2\/media?parent=24006"}],"wp:term":[{"taxonomy":"category","embeddable":true,"href":"https:\/\/cronicadesoledad.com\/index.php\/wp-json\/wp\/v2\/categories?post=24006"},{"taxonomy":"post_tag","embeddable":true,"href":"https:\/\/cronicadesoledad.com\/index.php\/wp-json\/wp\/v2\/tags?post=24006"}],"curies":[{"name":"wp","href":"https:\/\/api.w.org\/{rel}","templated":true}]}}