{"id":24022,"date":"2025-10-27T18:42:06","date_gmt":"2025-10-28T00:42:06","guid":{"rendered":"https:\/\/cronicadesoledad.com\/?p=24022"},"modified":"2025-10-27T18:42:06","modified_gmt":"2025-10-28T00:42:06","slug":"pequenos-talentos-literarios-de-soledad-son-reconocidos-en-concurso-de-calaveritas","status":"publish","type":"post","link":"https:\/\/cronicadesoledad.com\/index.php\/2025\/10\/27\/pequenos-talentos-literarios-de-soledad-son-reconocidos-en-concurso-de-calaveritas\/","title":{"rendered":"Peque\u00f1os talentos literarios de Soledad son reconocidos en concurso de calaveritas"},"content":{"rendered":"\n<p>En el marco de las festividades de <strong>D\u00eda de Muertos<\/strong>, el <strong>Ayuntamiento de Soledad de Graciano S\u00e1nchez<\/strong>, a trav\u00e9s de la <strong>Coordinaci\u00f3n de Bibliotecas Municipales<\/strong>, realiz\u00f3 la <strong>premiaci\u00f3n del Concurso de Calaveritas Literarias 2025<\/strong>, con la participaci\u00f3n de m\u00e1s de <strong>400 alumnas y alumnos<\/strong> de nivel primaria. El certamen, impulsado por la administraci\u00f3n municipal, busc\u00f3 promover la lectura, la escritura y la creatividad, teniendo como tema central calaveritas dedicadas al <strong>Alcalde Juan Manuel Navarro Mu\u00f1iz<\/strong> o al <strong>Gobernador del Estado Ricardo Gallardo Cardona<\/strong>.<\/p>\n\n\n\n<p>Los ganadores fueron: <strong>primer lugar<\/strong>, <em>Derek Daniel G\u00f3mez Leyva<\/em> (6\u00b0A, Primaria \u201cFrancisco Murgu\u00eda\u201d); <strong>segundo lugar<\/strong>, <em>Santiago D\u00edaz<\/em> (3\u00b0A, Primaria \u201cAntelmo Ju\u00e1rez\u201d); y <strong>tercer lugar<\/strong>, <em>Iker Leonardo Gonz\u00e1lez Rodr\u00edguez<\/em> (4\u00b0B, Primaria \u201cFrancisco Murgu\u00eda\u201d). Adem\u00e1s, se otorgaron <strong>premios especiales<\/strong> a <em>\u00c1ngel Omar Ba\u00f1uelos Monreal<\/em> (4\u00b0B) y <em>Yeimi Ashanel Hern\u00e1ndez Salda\u00f1a<\/em>, ambos de la Primaria \u201cFrancisco Murgu\u00eda\u201d. Los galardones incluyeron <strong>bicicletas y est\u00edmulos econ\u00f3micos<\/strong>, reconociendo el esfuerzo y entusiasmo de las y los participantes.<\/p>\n\n\n\n<p>La <strong>Coordinadora de Bibliotecas Municipales<\/strong>, <strong>Mar\u00eda Guadalupe Cort\u00e9s Segura<\/strong>, subray\u00f3 que este tipo de actividades fortalecen la imaginaci\u00f3n, el pensamiento creativo y el amor por la lectura. Asimismo, el <strong>jurado calificador<\/strong>, conformado por representantes de la <strong>Secretar\u00eda de Cultura<\/strong> y de la <strong>Direcci\u00f3n de Cultura Municipal<\/strong>, resalt\u00f3 la calidad de los trabajos y la dificultad de seleccionar a los ganadores por el alto nivel de originalidad y sentido po\u00e9tico.<\/p>\n\n\n\n<p>Con este concurso, el <strong>Gobierno Municipal de Soledad de Graciano S\u00e1nchez<\/strong> reafirma su compromiso de acercar la cultura a las ni\u00f1as y ni\u00f1os del municipio, impulsando el talento literario, el aprendizaje y el fortalecimiento de las tradiciones que promueven la identidad y los valores culturales entre las nuevas generaciones.<\/p>\n","protected":false},"excerpt":{"rendered":"<p>En el marco de las festividades de D\u00eda de Muertos, el Ayuntamiento de Soledad de Graciano S\u00e1nchez, a trav\u00e9s de la Coordinaci\u00f3n de Bibliotecas Municipales, realiz\u00f3 la premiaci\u00f3n del Concurso de Calaveritas Literarias 2025, con la participaci\u00f3n de m\u00e1s de 400 alumnas y alumnos de nivel primaria. El certamen, impulsado por la administraci\u00f3n municipal, busc\u00f3 [&hellip;]<\/p>\n","protected":false},"author":2,"featured_media":24023,"comment_status":"open","ping_status":"open","sticky":false,"template":"","format":"standard","meta":{"footnotes":""},"categories":[1,24,21],"tags":[223,387,294,261,27],"class_list":{"0":"post-24022","1":"post","2":"type-post","3":"status-publish","4":"format-standard","5":"has-post-thumbnail","7":"category-destacadas","8":"category-informacion-general","9":"category-tu-soledad","10":"tag-ayuntamiento-soledense","11":"tag-dif","12":"tag-san-luis","13":"tag-slp","14":"tag-soledad"},"_links":{"self":[{"href":"https:\/\/cronicadesoledad.com\/index.php\/wp-json\/wp\/v2\/posts\/24022","targetHints":{"allow":["GET"]}}],"collection":[{"href":"https:\/\/cronicadesoledad.com\/index.php\/wp-json\/wp\/v2\/posts"}],"about":[{"href":"https:\/\/cronicadesoledad.com\/index.php\/wp-json\/wp\/v2\/types\/post"}],"author":[{"embeddable":true,"href":"https:\/\/cronicadesoledad.com\/index.php\/wp-json\/wp\/v2\/users\/2"}],"replies":[{"embeddable":true,"href":"https:\/\/cronicadesoledad.com\/index.php\/wp-json\/wp\/v2\/comments?post=24022"}],"version-history":[{"count":1,"href":"https:\/\/cronicadesoledad.com\/index.php\/wp-json\/wp\/v2\/posts\/24022\/revisions"}],"predecessor-version":[{"id":24024,"href":"https:\/\/cronicadesoledad.com\/index.php\/wp-json\/wp\/v2\/posts\/24022\/revisions\/24024"}],"wp:featuredmedia":[{"embeddable":true,"href":"https:\/\/cronicadesoledad.com\/index.php\/wp-json\/wp\/v2\/media\/24023"}],"wp:attachment":[{"href":"https:\/\/cronicadesoledad.com\/index.php\/wp-json\/wp\/v2\/media?parent=24022"}],"wp:term":[{"taxonomy":"category","embeddable":true,"href":"https:\/\/cronicadesoledad.com\/index.php\/wp-json\/wp\/v2\/categories?post=24022"},{"taxonomy":"post_tag","embeddable":true,"href":"https:\/\/cronicadesoledad.com\/index.php\/wp-json\/wp\/v2\/tags?post=24022"}],"curies":[{"name":"wp","href":"https:\/\/api.w.org\/{rel}","templated":true}]}}