{"id":24034,"date":"2025-10-27T18:55:20","date_gmt":"2025-10-28T00:55:20","guid":{"rendered":"https:\/\/cronicadesoledad.com\/?p=24034"},"modified":"2025-10-27T18:55:20","modified_gmt":"2025-10-28T00:55:20","slug":"gcm-de-soledad-reporto-103-detenciones-y-dos-capturas-relevantes-ante-la-mesa-estatal-de-seguridad","status":"publish","type":"post","link":"https:\/\/cronicadesoledad.com\/index.php\/2025\/10\/27\/gcm-de-soledad-reporto-103-detenciones-y-dos-capturas-relevantes-ante-la-mesa-estatal-de-seguridad\/","title":{"rendered":"GCM de Soledad report\u00f3 103 detenciones y dos capturas relevantes ante la Mesa Estatal de Seguridad"},"content":{"rendered":"\n<p>La <strong>Guardia Civil Municipal (GCM)<\/strong> de <strong>Soledad de Graciano S\u00e1nchez<\/strong> present\u00f3 ante la <strong>Mesa Estatal para la Construcci\u00f3n de la Paz<\/strong> los resultados de las acciones realizadas del <strong>24 al 26 de octubre<\/strong>, destacando la <strong>detenci\u00f3n de 103 personas<\/strong>, entre ellas <strong>dos objetivos prioritarios<\/strong> vinculados con delitos de alto impacto, as\u00ed como el <strong>aseguramiento de drogas, armas y veh\u00edculos con reporte de robo<\/strong>, en cumplimiento a las instrucciones del <strong>Alcalde Juan Manuel Navarro Mu\u00f1iz<\/strong>.<\/p>\n\n\n\n<p>La reuni\u00f3n fue encabezada, en representaci\u00f3n del <strong>Gobernador Ricardo Gallardo Cardona<\/strong>, por la <strong>Subsecretaria de Gobierno Ana Sof\u00eda Aguilar Rodr\u00edguez<\/strong>, junto con el titular de la <strong>Secretar\u00eda de Seguridad y Protecci\u00f3n Ciudadana Estatal (SSPCE)<\/strong>, <strong>Jes\u00fas Ju\u00e1rez Hern\u00e1ndez<\/strong>. Por parte del municipio, asisti\u00f3 el <strong>Comisario V\u00edctor Aristarco Serna Pi\u00f1a<\/strong>, Director General de la GCM, quien inform\u00f3 que durante el periodo reportado se efectuaron <strong>103 detenciones<\/strong>, de las cuales <strong>55 fueron por faltas administrativas<\/strong> y <strong>48 personas fueron puestas a disposici\u00f3n de la Fiscal\u00eda General del Estado (FGESLP)<\/strong>.<\/p>\n\n\n\n<p>Entre los resultados m\u00e1s importantes, se destac\u00f3 la <strong>captura de dos objetivos prioritarios<\/strong>, ambos con <strong>antecedentes de tres detenciones previas<\/strong> y <strong>procesos judiciales abiertos<\/strong>; adem\u00e1s, se atendieron <strong>129 auxilios ciudadanos<\/strong> y se realizaron diversos aseguramientos: <strong>41 dosis de metanfetamina, 15 bolsas y una planta de marihuana, tres armas prohibidas, dos veh\u00edculos y dos motocicletas con reporte de robo<\/strong>.<\/p>\n\n\n\n<p>Durante la sesi\u00f3n interinstitucional, con la participaci\u00f3n de autoridades de los tres niveles de gobierno, se acord\u00f3 reforzar los <strong>operativos preventivos y de vigilancia<\/strong> con motivo de las festividades de <strong>San Judas Tadeo y D\u00eda de Muertos<\/strong>, as\u00ed como los dispositivos de seguridad en la <strong>Zona Metropolitana<\/strong>, garantizando la protecci\u00f3n de las familias y el mantenimiento del orden p\u00fablico en todos los eventos y espacios concurridos.<\/p>\n","protected":false},"excerpt":{"rendered":"<p>La Guardia Civil Municipal (GCM) de Soledad de Graciano S\u00e1nchez present\u00f3 ante la Mesa Estatal para la Construcci\u00f3n de la Paz los resultados de las acciones realizadas del 24 al 26 de octubre, destacando la detenci\u00f3n de 103 personas, entre ellas dos objetivos prioritarios vinculados con delitos de alto impacto, as\u00ed como el aseguramiento de [&hellip;]<\/p>\n","protected":false},"author":2,"featured_media":24035,"comment_status":"open","ping_status":"open","sticky":false,"template":"","format":"standard","meta":{"footnotes":""},"categories":[1,24,21],"tags":[223,2475,294,276,261,27],"class_list":{"0":"post-24034","1":"post","2":"type-post","3":"status-publish","4":"format-standard","5":"has-post-thumbnail","7":"category-destacadas","8":"category-informacion-general","9":"category-tu-soledad","10":"tag-ayuntamiento-soledense","11":"tag-gcm","12":"tag-san-luis","13":"tag-seguridad","14":"tag-slp","15":"tag-soledad"},"_links":{"self":[{"href":"https:\/\/cronicadesoledad.com\/index.php\/wp-json\/wp\/v2\/posts\/24034","targetHints":{"allow":["GET"]}}],"collection":[{"href":"https:\/\/cronicadesoledad.com\/index.php\/wp-json\/wp\/v2\/posts"}],"about":[{"href":"https:\/\/cronicadesoledad.com\/index.php\/wp-json\/wp\/v2\/types\/post"}],"author":[{"embeddable":true,"href":"https:\/\/cronicadesoledad.com\/index.php\/wp-json\/wp\/v2\/users\/2"}],"replies":[{"embeddable":true,"href":"https:\/\/cronicadesoledad.com\/index.php\/wp-json\/wp\/v2\/comments?post=24034"}],"version-history":[{"count":1,"href":"https:\/\/cronicadesoledad.com\/index.php\/wp-json\/wp\/v2\/posts\/24034\/revisions"}],"predecessor-version":[{"id":24036,"href":"https:\/\/cronicadesoledad.com\/index.php\/wp-json\/wp\/v2\/posts\/24034\/revisions\/24036"}],"wp:featuredmedia":[{"embeddable":true,"href":"https:\/\/cronicadesoledad.com\/index.php\/wp-json\/wp\/v2\/media\/24035"}],"wp:attachment":[{"href":"https:\/\/cronicadesoledad.com\/index.php\/wp-json\/wp\/v2\/media?parent=24034"}],"wp:term":[{"taxonomy":"category","embeddable":true,"href":"https:\/\/cronicadesoledad.com\/index.php\/wp-json\/wp\/v2\/categories?post=24034"},{"taxonomy":"post_tag","embeddable":true,"href":"https:\/\/cronicadesoledad.com\/index.php\/wp-json\/wp\/v2\/tags?post=24034"}],"curies":[{"name":"wp","href":"https:\/\/api.w.org\/{rel}","templated":true}]}}