{"id":24041,"date":"2025-10-28T18:38:07","date_gmt":"2025-10-29T00:38:07","guid":{"rendered":"https:\/\/cronicadesoledad.com\/?p=24041"},"modified":"2025-10-28T18:38:08","modified_gmt":"2025-10-29T00:38:08","slug":"alcalde-juan-manuel-navarro-inaugura-e-invita-a-familias-a-admirar-el-altar-de-muertos-monumental","status":"publish","type":"post","link":"https:\/\/cronicadesoledad.com\/index.php\/2025\/10\/28\/alcalde-juan-manuel-navarro-inaugura-e-invita-a-familias-a-admirar-el-altar-de-muertos-monumental\/","title":{"rendered":"Alcalde Juan Manuel Navarro inaugura e invita a familias a admirar el Altar de Muertos Monumental"},"content":{"rendered":"\n<p>El <strong>Alcalde Juan Manuel Navarro Mu\u00f1iz<\/strong> inaugur\u00f3 este martes el <strong>Altar de Muertos Monumental<\/strong> instalado en el interior de la <strong>Presidencia Municipal de Soledad de Graciano S\u00e1nchez<\/strong>, dedicado a la memoria de las y los trabajadores municipales fallecidos, como homenaje a su entrega y servicio a la comunidad. Esta ofrenda forma parte de la <strong>Festividad de Muertos 2025<\/strong>, que desde el pasado jueves llena de color, m\u00fasica y tradici\u00f3n las calles del municipio.<\/p>\n\n\n\n<p>Durante el evento, el edil resalt\u00f3 la importancia de mantener vivas las costumbres que fortalecen la identidad local y nacional. \u201cEstas tradiciones son parte de nuestras ra\u00edces, de nuestro amor por la familia y por quienes ya no est\u00e1n f\u00edsicamente, pero siguen presentes en nuestro coraz\u00f3n\u201d, expres\u00f3 <strong>Navarro Mu\u00f1iz<\/strong>, quien adem\u00e1s invit\u00f3 a las familias a visitar el altar, disponible toda la semana en un horario de <strong>8:00 a 20:00 horas<\/strong> en la Presidencia Municipal.<\/p>\n\n\n\n<p>El acto inaugural estuvo acompa\u00f1ado por una emotiva presentaci\u00f3n del <strong>Coro Infantil de la Escuela Municipal de M\u00fasica<\/strong>, que interpret\u00f3 temas alusivos a la fecha como <em>\u201cLa Llorona\u201d<\/em>, <em>\u201cRecu\u00e9rdame\u201d<\/em>, <em>\u201cUn poco loco\u201d<\/em> y <em>\u201cEl mundo es mi familia\u201d<\/em>, cautivando a las y los asistentes y demostrando el talento art\u00edstico de la ni\u00f1ez soledense.<\/p>\n\n\n\n<p>De esta manera, el <strong>Gobierno Municipal de Soledad de Graciano S\u00e1nchez<\/strong> reafirma su compromiso con la <strong>preservaci\u00f3n de las tradiciones<\/strong> y la <strong>promoci\u00f3n cultural<\/strong>, fortaleciendo los lazos familiares y comunitarios. Las actividades continuar\u00e1n durante la semana con eventos en la Plaza Principal, como el <strong>espect\u00e1culo de Leyendas Mexicanas<\/strong>, la <strong>Marcha Zombie<\/strong> y proyecciones en el <strong>Teatro y Centro Cultural<\/strong>, consolidando al municipio como un referente cultural y de identidad potosina.<\/p>\n","protected":false},"excerpt":{"rendered":"<p>El Alcalde Juan Manuel Navarro Mu\u00f1iz inaugur\u00f3 este martes el Altar de Muertos Monumental instalado en el interior de la Presidencia Municipal de Soledad de Graciano S\u00e1nchez, dedicado a la memoria de las y los trabajadores municipales fallecidos, como homenaje a su entrega y servicio a la comunidad. Esta ofrenda forma parte de la Festividad [&hellip;]<\/p>\n","protected":false},"author":2,"featured_media":24042,"comment_status":"open","ping_status":"open","sticky":false,"template":"","format":"standard","meta":{"footnotes":""},"categories":[1,24,21],"tags":[2832,223,294,261,27],"class_list":{"0":"post-24041","1":"post","2":"type-post","3":"status-publish","4":"format-standard","5":"has-post-thumbnail","7":"category-destacadas","8":"category-informacion-general","9":"category-tu-soledad","10":"tag-altar-de-muertos","11":"tag-ayuntamiento-soledense","12":"tag-san-luis","13":"tag-slp","14":"tag-soledad"},"_links":{"self":[{"href":"https:\/\/cronicadesoledad.com\/index.php\/wp-json\/wp\/v2\/posts\/24041","targetHints":{"allow":["GET"]}}],"collection":[{"href":"https:\/\/cronicadesoledad.com\/index.php\/wp-json\/wp\/v2\/posts"}],"about":[{"href":"https:\/\/cronicadesoledad.com\/index.php\/wp-json\/wp\/v2\/types\/post"}],"author":[{"embeddable":true,"href":"https:\/\/cronicadesoledad.com\/index.php\/wp-json\/wp\/v2\/users\/2"}],"replies":[{"embeddable":true,"href":"https:\/\/cronicadesoledad.com\/index.php\/wp-json\/wp\/v2\/comments?post=24041"}],"version-history":[{"count":1,"href":"https:\/\/cronicadesoledad.com\/index.php\/wp-json\/wp\/v2\/posts\/24041\/revisions"}],"predecessor-version":[{"id":24043,"href":"https:\/\/cronicadesoledad.com\/index.php\/wp-json\/wp\/v2\/posts\/24041\/revisions\/24043"}],"wp:featuredmedia":[{"embeddable":true,"href":"https:\/\/cronicadesoledad.com\/index.php\/wp-json\/wp\/v2\/media\/24042"}],"wp:attachment":[{"href":"https:\/\/cronicadesoledad.com\/index.php\/wp-json\/wp\/v2\/media?parent=24041"}],"wp:term":[{"taxonomy":"category","embeddable":true,"href":"https:\/\/cronicadesoledad.com\/index.php\/wp-json\/wp\/v2\/categories?post=24041"},{"taxonomy":"post_tag","embeddable":true,"href":"https:\/\/cronicadesoledad.com\/index.php\/wp-json\/wp\/v2\/tags?post=24041"}],"curies":[{"name":"wp","href":"https:\/\/api.w.org\/{rel}","templated":true}]}}