{"id":24044,"date":"2025-10-28T18:39:39","date_gmt":"2025-10-29T00:39:39","guid":{"rendered":"https:\/\/cronicadesoledad.com\/?p=24044"},"modified":"2025-10-28T18:39:39","modified_gmt":"2025-10-29T00:39:39","slug":"con-gran-impulso-soledad-prepara-nuevos-proyectos-de-infraestructura-social-y-urbana-navarro-muniz","status":"publish","type":"post","link":"https:\/\/cronicadesoledad.com\/index.php\/2025\/10\/28\/con-gran-impulso-soledad-prepara-nuevos-proyectos-de-infraestructura-social-y-urbana-navarro-muniz\/","title":{"rendered":"Con gran impulso, Soledad prepara nuevos proyectos de infraestructura social y urbana: Navarro Mu\u00f1iz"},"content":{"rendered":"\n<p>El <strong>Alcalde Juan Manuel Navarro Mu\u00f1iz<\/strong> encabez\u00f3 la <strong>sesi\u00f3n ordinaria del Consejo de Desarrollo Social Municipal de Soledad de Graciano S\u00e1nchez<\/strong>, donde se aprob\u00f3 por unanimidad un nuevo paquete de obras de <strong>infraestructura urbana y social<\/strong>, as\u00ed como el <strong>programa invernal<\/strong>, reafirmando el compromiso de su gobierno de seguir avanzando con paso firme hacia el bienestar integral y el desarrollo sostenible del municipio.<\/p>\n\n\n\n<p>Durante la reuni\u00f3n, el edil escuch\u00f3 las peticiones de las y los consejeros, quienes reconocieron la pronta atenci\u00f3n a problem\u00e1ticas como <strong>drenajes colapsados, luminarias da\u00f1adas y necesidades en materia de seguridad y ecolog\u00eda<\/strong> en colonias como <strong>Villas de Potos\u00ed, San Antonio y San Francisco<\/strong>. Navarro Mu\u00f1iz reiter\u00f3 que su administraci\u00f3n trabaja con cercan\u00eda a la gente, priorizando la soluci\u00f3n de los temas m\u00e1s urgentes y el fortalecimiento de los servicios p\u00fablicos.<\/p>\n\n\n\n<p>El informe de obras destac\u00f3 proyectos <strong>concluidos al 100 por ciento<\/strong>, como la <strong>pavimentaci\u00f3n de la calle Privada de Ocampo en Cruz de Rivera<\/strong>, <strong>techados escolares<\/strong> en las telesecundarias <strong>\u201cL\u00e1zaro C\u00e1rdenas\u201d<\/strong> y <strong>\u201cJuli\u00e1n Carrillo\u201d<\/strong>, la <strong>reposici\u00f3n del drenaje sanitario en San Francisco<\/strong> y la <strong>pavimentaci\u00f3n de seis calles en Rivas Guill\u00e9n 5to Plano<\/strong>, en coordinaci\u00f3n con <strong>SEDESORE<\/strong>. Tambi\u00e9n se inform\u00f3 sobre obras con <strong>m\u00e1s del 80 por ciento de avance<\/strong>, como la <strong>avenida Reforma Agraria en Fracci\u00f3n Rivera<\/strong>, la <strong>calle 13 de Septiembre en Primero de Mayo<\/strong> y <strong>Santa Catarina en San Felipe<\/strong>, adem\u00e1s del <strong>programa de empleo temporal<\/strong> y la <strong>rehabilitaci\u00f3n de viviendas<\/strong>.<\/p>\n\n\n\n<p>Entre las obras con <strong>m\u00e1s del 50 por ciento de progreso<\/strong>, se encuentran la <strong>construcci\u00f3n del Centro LIBRE para la Protecci\u00f3n de Mujeres<\/strong>, el <strong>colector pluvial en San Jorge<\/strong>, la <strong>perforaci\u00f3n de un pozo profundo en la cabecera municipal<\/strong> y diversas <strong>pavimentaciones<\/strong>. En conjunto con el <strong>Gobierno del Estado<\/strong>, avanza la <strong>construcci\u00f3n del puente vehicular en el bulevar Valle de los Fantasmas<\/strong>, la <strong>nueva Unidad Administrativa Municipal<\/strong> y varios <strong>proyectos educativos<\/strong> del <strong>Instituto Estatal de Infraestructura Educativa<\/strong>.<\/p>\n\n\n\n<p>Navarro Mu\u00f1iz subray\u00f3 que, con el respaldo del <strong>Gobernador Ricardo Gallardo Cardona<\/strong>, <strong>Soledad de Graciano S\u00e1nchez<\/strong> sigue creciendo con rumbo claro y firme, impulsando la econom\u00eda, mejorando los servicios y consolidando su transformaci\u00f3n urbana. \u201cSoledad avanza sin esperar a nadie, y lo hace escuchando, atendiendo y trabajando junto con su gente\u201d, concluy\u00f3 el Alcalde.<\/p>\n","protected":false},"excerpt":{"rendered":"<p>El Alcalde Juan Manuel Navarro Mu\u00f1iz encabez\u00f3 la sesi\u00f3n ordinaria del Consejo de Desarrollo Social Municipal de Soledad de Graciano S\u00e1nchez, donde se aprob\u00f3 por unanimidad un nuevo paquete de obras de infraestructura urbana y social, as\u00ed como el programa invernal, reafirmando el compromiso de su gobierno de seguir avanzando con paso firme hacia el [&hellip;]<\/p>\n","protected":false},"author":2,"featured_media":24045,"comment_status":"open","ping_status":"open","sticky":false,"template":"","format":"standard","meta":{"footnotes":""},"categories":[1,24,21],"tags":[223,4934,1967,294,261,27],"class_list":{"0":"post-24044","1":"post","2":"type-post","3":"status-publish","4":"format-standard","5":"has-post-thumbnail","7":"category-destacadas","8":"category-informacion-general","9":"category-tu-soledad","10":"tag-ayuntamiento-soledense","11":"tag-infraestructura-social","12":"tag-juan-manuel-navarro","13":"tag-san-luis","14":"tag-slp","15":"tag-soledad"},"_links":{"self":[{"href":"https:\/\/cronicadesoledad.com\/index.php\/wp-json\/wp\/v2\/posts\/24044","targetHints":{"allow":["GET"]}}],"collection":[{"href":"https:\/\/cronicadesoledad.com\/index.php\/wp-json\/wp\/v2\/posts"}],"about":[{"href":"https:\/\/cronicadesoledad.com\/index.php\/wp-json\/wp\/v2\/types\/post"}],"author":[{"embeddable":true,"href":"https:\/\/cronicadesoledad.com\/index.php\/wp-json\/wp\/v2\/users\/2"}],"replies":[{"embeddable":true,"href":"https:\/\/cronicadesoledad.com\/index.php\/wp-json\/wp\/v2\/comments?post=24044"}],"version-history":[{"count":1,"href":"https:\/\/cronicadesoledad.com\/index.php\/wp-json\/wp\/v2\/posts\/24044\/revisions"}],"predecessor-version":[{"id":24046,"href":"https:\/\/cronicadesoledad.com\/index.php\/wp-json\/wp\/v2\/posts\/24044\/revisions\/24046"}],"wp:featuredmedia":[{"embeddable":true,"href":"https:\/\/cronicadesoledad.com\/index.php\/wp-json\/wp\/v2\/media\/24045"}],"wp:attachment":[{"href":"https:\/\/cronicadesoledad.com\/index.php\/wp-json\/wp\/v2\/media?parent=24044"}],"wp:term":[{"taxonomy":"category","embeddable":true,"href":"https:\/\/cronicadesoledad.com\/index.php\/wp-json\/wp\/v2\/categories?post=24044"},{"taxonomy":"post_tag","embeddable":true,"href":"https:\/\/cronicadesoledad.com\/index.php\/wp-json\/wp\/v2\/tags?post=24044"}],"curies":[{"name":"wp","href":"https:\/\/api.w.org\/{rel}","templated":true}]}}