{"id":24059,"date":"2025-10-29T19:35:45","date_gmt":"2025-10-30T01:35:45","guid":{"rendered":"https:\/\/cronicadesoledad.com\/?p=24059"},"modified":"2025-10-29T19:35:45","modified_gmt":"2025-10-30T01:35:45","slug":"escuela-municipal-de-musica-forja-el-talento-infantil-de-soledad","status":"publish","type":"post","link":"https:\/\/cronicadesoledad.com\/index.php\/2025\/10\/29\/escuela-municipal-de-musica-forja-el-talento-infantil-de-soledad\/","title":{"rendered":"Escuela Municipal de M\u00fasica forja el talento infantil de Soledad"},"content":{"rendered":"\n<p>Con gran entusiasmo, el primer <strong>Coro Infantil de la Escuela Municipal de M\u00fasica de Soledad de Graciano S\u00e1nchez<\/strong> engalan\u00f3 la inauguraci\u00f3n del <strong>Altar de Muertos Monumental<\/strong> instalado en la Presidencia Municipal, con interpretaciones llenas de emoci\u00f3n y talento. Las ni\u00f1as y ni\u00f1os, caracterizados como catrinas y catrines, deleitaron al p\u00fablico con los temas <strong>\u201cRecu\u00e9rdame\u201d<\/strong>, <strong>\u201cUn Poco Loco\u201d<\/strong> y <strong>\u201cEl Mundo es mi Familia\u201d<\/strong>, recibiendo el reconocimiento y aplausos de los asistentes.<\/p>\n\n\n\n<p>El <strong>director de la Escuela Municipal de M\u00fasica<\/strong>, <strong>Sergio Tenorio Castillo<\/strong>, explic\u00f3 que este espacio educativo y cultural, inaugurado en agosto, busca <strong>\u201csembrar el amor por la m\u00fasica desde la infancia\u201d<\/strong> y consolidar en el futuro una <strong>Orquesta Infantil Municipal<\/strong> que represente el talento art\u00edstico y orgullo de Soledad. A tres meses de su apertura, la escuela cuenta con <strong>entre 30 y 40 estudiantes<\/strong>, quienes aprenden a ejecutar instrumentos como <strong>guitarra, piano y viento<\/strong>.<\/p>\n\n\n\n<p>Tenorio Castillo inform\u00f3 que la instituci\u00f3n cuenta con un <strong>equipo docente de cuatro profesores especializados<\/strong>, algunos de ellos <strong>multiinstrumentistas<\/strong>, lo que permite a los alumnos explorar diferentes \u00e1reas musicales y desarrollar sus capacidades art\u00edsticas de forma integral. Adem\u00e1s, adelant\u00f3 que el coro y los grupos instrumentales participar\u00e1n en pr\u00f3ximos eventos municipales, como el <strong>Desfile C\u00edvico-Militar del 20 de Noviembre<\/strong> y el <strong>encendido del \u00e1rbol navide\u00f1o<\/strong> en la Plaza Principal.<\/p>\n\n\n\n<p>La creaci\u00f3n de esta escuela responde a la <strong>visi\u00f3n del Alcalde Juan Manuel Navarro Mu\u00f1iz<\/strong>, quien impulsa pol\u00edticas culturales que promueven el desarrollo y la formaci\u00f3n art\u00edstica de ni\u00f1as, ni\u00f1os y j\u00f3venes. La <strong>Escuela Municipal de M\u00fasica<\/strong> tiene su sede en el <strong>Teatro y Centro Cultural \u201cDoroteo Arango\u201d<\/strong>, donde ofrece clases de lunes a viernes de <strong>15:00 a 20:00 horas<\/strong>. Las <strong>inscripciones contin\u00faan abiertas<\/strong> para ni\u00f1as y ni\u00f1os de <strong>8 a 15 a\u00f1os<\/strong> que deseen aprender m\u00fasica en un ambiente formativo, seguro y cercano a sus comunidades.<\/p>\n","protected":false},"excerpt":{"rendered":"<p>Con gran entusiasmo, el primer Coro Infantil de la Escuela Municipal de M\u00fasica de Soledad de Graciano S\u00e1nchez engalan\u00f3 la inauguraci\u00f3n del Altar de Muertos Monumental instalado en la Presidencia Municipal, con interpretaciones llenas de emoci\u00f3n y talento. Las ni\u00f1as y ni\u00f1os, caracterizados como catrinas y catrines, deleitaron al p\u00fablico con los temas \u201cRecu\u00e9rdame\u201d, \u201cUn [&hellip;]<\/p>\n","protected":false},"author":2,"featured_media":24060,"comment_status":"open","ping_status":"open","sticky":false,"template":"","format":"standard","meta":{"footnotes":""},"categories":[1,24,21],"tags":[4716,294,261,27],"class_list":{"0":"post-24059","1":"post","2":"type-post","3":"status-publish","4":"format-standard","5":"has-post-thumbnail","7":"category-destacadas","8":"category-informacion-general","9":"category-tu-soledad","10":"tag-escuela-municipal-de-musica","11":"tag-san-luis","12":"tag-slp","13":"tag-soledad"},"_links":{"self":[{"href":"https:\/\/cronicadesoledad.com\/index.php\/wp-json\/wp\/v2\/posts\/24059","targetHints":{"allow":["GET"]}}],"collection":[{"href":"https:\/\/cronicadesoledad.com\/index.php\/wp-json\/wp\/v2\/posts"}],"about":[{"href":"https:\/\/cronicadesoledad.com\/index.php\/wp-json\/wp\/v2\/types\/post"}],"author":[{"embeddable":true,"href":"https:\/\/cronicadesoledad.com\/index.php\/wp-json\/wp\/v2\/users\/2"}],"replies":[{"embeddable":true,"href":"https:\/\/cronicadesoledad.com\/index.php\/wp-json\/wp\/v2\/comments?post=24059"}],"version-history":[{"count":1,"href":"https:\/\/cronicadesoledad.com\/index.php\/wp-json\/wp\/v2\/posts\/24059\/revisions"}],"predecessor-version":[{"id":24061,"href":"https:\/\/cronicadesoledad.com\/index.php\/wp-json\/wp\/v2\/posts\/24059\/revisions\/24061"}],"wp:featuredmedia":[{"embeddable":true,"href":"https:\/\/cronicadesoledad.com\/index.php\/wp-json\/wp\/v2\/media\/24060"}],"wp:attachment":[{"href":"https:\/\/cronicadesoledad.com\/index.php\/wp-json\/wp\/v2\/media?parent=24059"}],"wp:term":[{"taxonomy":"category","embeddable":true,"href":"https:\/\/cronicadesoledad.com\/index.php\/wp-json\/wp\/v2\/categories?post=24059"},{"taxonomy":"post_tag","embeddable":true,"href":"https:\/\/cronicadesoledad.com\/index.php\/wp-json\/wp\/v2\/tags?post=24059"}],"curies":[{"name":"wp","href":"https:\/\/api.w.org\/{rel}","templated":true}]}}