{"id":24065,"date":"2025-10-29T19:38:49","date_gmt":"2025-10-30T01:38:49","guid":{"rendered":"https:\/\/cronicadesoledad.com\/?p=24065"},"modified":"2025-10-29T19:38:50","modified_gmt":"2025-10-30T01:38:50","slug":"municipio-de-soledad-ofertara-empleo-para-personas-adultas-mayores-y-con-discapacidad","status":"publish","type":"post","link":"https:\/\/cronicadesoledad.com\/index.php\/2025\/10\/29\/municipio-de-soledad-ofertara-empleo-para-personas-adultas-mayores-y-con-discapacidad\/","title":{"rendered":"Municipio de Soledad ofertar\u00e1 empleo para personas adultas mayores y con discapacidad"},"content":{"rendered":"\n<p>El <strong>Ayuntamiento de Soledad de Graciano S\u00e1nchez<\/strong> anunci\u00f3 la realizaci\u00f3n de la <strong>segunda Jornada de Inclusi\u00f3n Laboral<\/strong>, que tendr\u00e1 lugar el pr\u00f3ximo <strong>14 de noviembre<\/strong> en el <strong>Teatro y Centro Cultural \u201cDoroteo Arango\u201d<\/strong>, con la participaci\u00f3n de <strong>20 empresas<\/strong> que ofrecer\u00e1n m\u00e1s de <strong>200 vacantes<\/strong> formales dirigidas a <strong>personas adultas mayores, con discapacidad y otros grupos vulnerables<\/strong>, reafirmando el compromiso del Gobierno Municipal con la <strong>equidad, la inclusi\u00f3n y el desarrollo econ\u00f3mico local<\/strong>.<\/p>\n\n\n\n<p>La jornada, organizada por la <strong>Direcci\u00f3n de Desarrollo Econ\u00f3mico Municipal<\/strong>, con el respaldo de la <strong>Asociaci\u00f3n Civil \u201cJuntos\u201d<\/strong> y la <strong>empresa Cummins<\/strong>, forma parte de las acciones impulsadas por el <strong>Alcalde Juan Manuel Navarro Mu\u00f1iz<\/strong> para generar oportunidades laborales dignas y accesibles para toda la ciudadan\u00eda. Con el lema <strong>\u201cIncluir para compartir y transformar\u201d<\/strong>, el evento busca sensibilizar a las empresas sobre la importancia de ofrecer espacios laborales equitativos que reconozcan las capacidades y talentos de cada persona.<\/p>\n\n\n\n<p>Durante la actividad, que comenzar\u00e1 a partir de las <strong>9:00 de la ma\u00f1ana<\/strong>, las y los asistentes podr\u00e1n recibir <strong>asesor\u00eda personalizada<\/strong> sobre elaboraci\u00f3n de curr\u00edculum, preparaci\u00f3n para entrevistas y estrategias de inserci\u00f3n laboral, adem\u00e1s de orientaci\u00f3n sobre derechos laborales y programas de capacitaci\u00f3n.<\/p>\n\n\n\n<p>Con esta iniciativa, el <strong>Gobierno Municipal de Soledad de Graciano S\u00e1nchez<\/strong> refrenda su compromiso con la <strong>inclusi\u00f3n social y econ\u00f3mica<\/strong>, impulsando acciones que contribuyen a mejorar la calidad de vida de los sectores m\u00e1s vulnerables y fomentando un entorno laboral donde prevalezca la <strong>igualdad de oportunidades, el respeto y la solidaridad comunitaria<\/strong>.<\/p>\n","protected":false},"excerpt":{"rendered":"<p>El Ayuntamiento de Soledad de Graciano S\u00e1nchez anunci\u00f3 la realizaci\u00f3n de la segunda Jornada de Inclusi\u00f3n Laboral, que tendr\u00e1 lugar el pr\u00f3ximo 14 de noviembre en el Teatro y Centro Cultural \u201cDoroteo Arango\u201d, con la participaci\u00f3n de 20 empresas que ofrecer\u00e1n m\u00e1s de 200 vacantes formales dirigidas a personas adultas mayores, con discapacidad y otros [&hellip;]<\/p>\n","protected":false},"author":2,"featured_media":24066,"comment_status":"open","ping_status":"open","sticky":false,"template":"","format":"standard","meta":{"footnotes":""},"categories":[1,24,21],"tags":[223,1765,4142,294,261,27],"class_list":{"0":"post-24065","1":"post","2":"type-post","3":"status-publish","4":"format-standard","5":"has-post-thumbnail","7":"category-destacadas","8":"category-informacion-general","9":"category-tu-soledad","10":"tag-ayuntamiento-soledense","11":"tag-empleo","12":"tag-inclusion-2","13":"tag-san-luis","14":"tag-slp","15":"tag-soledad"},"_links":{"self":[{"href":"https:\/\/cronicadesoledad.com\/index.php\/wp-json\/wp\/v2\/posts\/24065","targetHints":{"allow":["GET"]}}],"collection":[{"href":"https:\/\/cronicadesoledad.com\/index.php\/wp-json\/wp\/v2\/posts"}],"about":[{"href":"https:\/\/cronicadesoledad.com\/index.php\/wp-json\/wp\/v2\/types\/post"}],"author":[{"embeddable":true,"href":"https:\/\/cronicadesoledad.com\/index.php\/wp-json\/wp\/v2\/users\/2"}],"replies":[{"embeddable":true,"href":"https:\/\/cronicadesoledad.com\/index.php\/wp-json\/wp\/v2\/comments?post=24065"}],"version-history":[{"count":1,"href":"https:\/\/cronicadesoledad.com\/index.php\/wp-json\/wp\/v2\/posts\/24065\/revisions"}],"predecessor-version":[{"id":24067,"href":"https:\/\/cronicadesoledad.com\/index.php\/wp-json\/wp\/v2\/posts\/24065\/revisions\/24067"}],"wp:featuredmedia":[{"embeddable":true,"href":"https:\/\/cronicadesoledad.com\/index.php\/wp-json\/wp\/v2\/media\/24066"}],"wp:attachment":[{"href":"https:\/\/cronicadesoledad.com\/index.php\/wp-json\/wp\/v2\/media?parent=24065"}],"wp:term":[{"taxonomy":"category","embeddable":true,"href":"https:\/\/cronicadesoledad.com\/index.php\/wp-json\/wp\/v2\/categories?post=24065"},{"taxonomy":"post_tag","embeddable":true,"href":"https:\/\/cronicadesoledad.com\/index.php\/wp-json\/wp\/v2\/tags?post=24065"}],"curies":[{"name":"wp","href":"https:\/\/api.w.org\/{rel}","templated":true}]}}