{"id":24071,"date":"2025-10-29T19:51:22","date_gmt":"2025-10-30T01:51:22","guid":{"rendered":"https:\/\/cronicadesoledad.com\/?p=24071"},"modified":"2025-10-29T19:51:23","modified_gmt":"2025-10-30T01:51:23","slug":"palma-de-la-cruz-en-soledad-celebra-xantolo-con-colorido-desfile-y-concursos-de-tradicion","status":"publish","type":"post","link":"https:\/\/cronicadesoledad.com\/index.php\/2025\/10\/29\/palma-de-la-cruz-en-soledad-celebra-xantolo-con-colorido-desfile-y-concursos-de-tradicion\/","title":{"rendered":"Palma de la Cruz en Soledad celebra Xantolo con colorido desfile y concursos de tradici\u00f3n"},"content":{"rendered":"\n<p>El esp\u00edritu del <strong>Xantolo<\/strong> llen\u00f3 de color, alegr\u00eda y tradici\u00f3n la comunidad de <strong>Palma de la Cruz<\/strong>, en <strong>Soledad de Graciano S\u00e1nchez<\/strong>, donde decenas de familias, estudiantes y visitantes participaron en un <strong>desfile de comparsas, concursos de altares y disfraces<\/strong>, como parte de las actividades de la <strong>Festividad de D\u00eda de Muertos 2025<\/strong>, reafirmando la importancia de preservar las ra\u00edces culturales que dan identidad a la regi\u00f3n.<\/p>\n\n\n\n<p>Con el impulso y respaldo del <strong>Alcalde Juan Manuel Navarro Mu\u00f1iz<\/strong>, el evento reuni\u00f3 a <strong>estudiantes de todos los niveles educativos<\/strong>, caracterizados como <strong>catrinas y calaveritas<\/strong>, quienes desfilaron por las principales calles de la comunidad, mostrando creatividad y orgullo por las costumbres huastecas. Adem\u00e1s, el Ayuntamiento otorg\u00f3 <strong>incentivos econ\u00f3micos y apoyos log\u00edsticos<\/strong> a los ganadores de los concursos, fortaleciendo la participaci\u00f3n ciudadana y el trabajo conjunto con las comunidades rurales.<\/p>\n\n\n\n<p>La festividad destac\u00f3 la <strong>coordinaci\u00f3n entre autoridades municipales y educativas<\/strong>, promoviendo la colaboraci\u00f3n intergeneracional y la formaci\u00f3n cultural de ni\u00f1as, ni\u00f1os y j\u00f3venes. Madres, padres y docentes reconocieron el esfuerzo del Gobierno Municipal por llevar actividades que promuevan la <strong>convivencia familiar, el aprendizaje y el sentido de pertenencia<\/strong> en cada rinc\u00f3n del municipio.<\/p>\n\n\n\n<p>Con estas acciones, el <strong>Ayuntamiento de Soledad de Graciano S\u00e1nchez<\/strong> reafirma su compromiso con la <strong>preservaci\u00f3n de las tradiciones y la promoci\u00f3n cultural<\/strong>, consolidando un municipio donde la <strong>identidad, la uni\u00f3n familiar y el orgullo soledense<\/strong> se expresan en cada festividad, garantizando que las <strong>nuevas generaciones conozcan y valoren su herencia cultural<\/strong>.<\/p>\n","protected":false},"excerpt":{"rendered":"<p>El esp\u00edritu del Xantolo llen\u00f3 de color, alegr\u00eda y tradici\u00f3n la comunidad de Palma de la Cruz, en Soledad de Graciano S\u00e1nchez, donde decenas de familias, estudiantes y visitantes participaron en un desfile de comparsas, concursos de altares y disfraces, como parte de las actividades de la Festividad de D\u00eda de Muertos 2025, reafirmando la [&hellip;]<\/p>\n","protected":false},"author":2,"featured_media":24072,"comment_status":"open","ping_status":"open","sticky":false,"template":"","format":"standard","meta":{"footnotes":""},"categories":[1,24,21],"tags":[223,759,2167,294,261,27,451],"class_list":{"0":"post-24071","1":"post","2":"type-post","3":"status-publish","4":"format-standard","5":"has-post-thumbnail","7":"category-destacadas","8":"category-informacion-general","9":"category-tu-soledad","10":"tag-ayuntamiento-soledense","11":"tag-desfile","12":"tag-palma-de-la-cruz","13":"tag-san-luis","14":"tag-slp","15":"tag-soledad","16":"tag-xantolo"},"_links":{"self":[{"href":"https:\/\/cronicadesoledad.com\/index.php\/wp-json\/wp\/v2\/posts\/24071","targetHints":{"allow":["GET"]}}],"collection":[{"href":"https:\/\/cronicadesoledad.com\/index.php\/wp-json\/wp\/v2\/posts"}],"about":[{"href":"https:\/\/cronicadesoledad.com\/index.php\/wp-json\/wp\/v2\/types\/post"}],"author":[{"embeddable":true,"href":"https:\/\/cronicadesoledad.com\/index.php\/wp-json\/wp\/v2\/users\/2"}],"replies":[{"embeddable":true,"href":"https:\/\/cronicadesoledad.com\/index.php\/wp-json\/wp\/v2\/comments?post=24071"}],"version-history":[{"count":1,"href":"https:\/\/cronicadesoledad.com\/index.php\/wp-json\/wp\/v2\/posts\/24071\/revisions"}],"predecessor-version":[{"id":24073,"href":"https:\/\/cronicadesoledad.com\/index.php\/wp-json\/wp\/v2\/posts\/24071\/revisions\/24073"}],"wp:featuredmedia":[{"embeddable":true,"href":"https:\/\/cronicadesoledad.com\/index.php\/wp-json\/wp\/v2\/media\/24072"}],"wp:attachment":[{"href":"https:\/\/cronicadesoledad.com\/index.php\/wp-json\/wp\/v2\/media?parent=24071"}],"wp:term":[{"taxonomy":"category","embeddable":true,"href":"https:\/\/cronicadesoledad.com\/index.php\/wp-json\/wp\/v2\/categories?post=24071"},{"taxonomy":"post_tag","embeddable":true,"href":"https:\/\/cronicadesoledad.com\/index.php\/wp-json\/wp\/v2\/tags?post=24071"}],"curies":[{"name":"wp","href":"https:\/\/api.w.org\/{rel}","templated":true}]}}