{"id":24075,"date":"2025-10-30T19:02:10","date_gmt":"2025-10-31T01:02:10","guid":{"rendered":"https:\/\/cronicadesoledad.com\/?p=24075"},"modified":"2025-10-30T19:02:11","modified_gmt":"2025-10-31T01:02:11","slug":"policia-vial-de-soledad-informa-a-la-ciudadania-nuevos-sentidos-en-calles-de-la-zona-centro","status":"publish","type":"post","link":"https:\/\/cronicadesoledad.com\/index.php\/2025\/10\/30\/policia-vial-de-soledad-informa-a-la-ciudadania-nuevos-sentidos-en-calles-de-la-zona-centro\/","title":{"rendered":"Polic\u00eda Vial de Soledad informa a la ciudadan\u00eda nuevos sentidos en calles de la zona centro"},"content":{"rendered":"\n<p>La <strong>Guardia Civil Municipal de Soledad de Graciano S\u00e1nchez<\/strong>, a trav\u00e9s de la <strong>Direcci\u00f3n de Seguridad Vial y Movilidad<\/strong>, contin\u00faa con la <strong>campa\u00f1a informativa sobre los nuevos sentidos de circulaci\u00f3n<\/strong> en calles del primer cuadro del municipio, como parte del <strong>programa de reestructura vial<\/strong> que abarca <strong>15 vialidades<\/strong> en la zona centro, con el objetivo de mejorar la movilidad y garantizar la seguridad de peatones y automovilistas.<\/p>\n\n\n\n<p>Desde el pasado <strong>s\u00e1bado 25 de octubre<\/strong>, agentes de Seguridad Vial se encuentran en <strong>puntos estrat\u00e9gicos<\/strong> de 7:00 a 19:00 horas, donde reparten <strong>tr\u00edpticos informativos<\/strong> y ofrecen <strong>orientaci\u00f3n directa a conductores, peatones y comerciantes<\/strong>, explicando los ajustes que se implementan gradualmente en las calles de la zona. Estas acciones fortalecen el trabajo de <strong>proximidad social<\/strong> y fomentan una <strong>movilidad ordenada y segura<\/strong>.<\/p>\n\n\n\n<p>El programa de <strong>reestructura vial<\/strong>, presentado recientemente, contempla una <strong>reducci\u00f3n de hasta 40 por ciento en los tiempos de traslado<\/strong>, adem\u00e1s de disminuir accidentes y embotellamientos. Incluye la instalaci\u00f3n de <strong>nueva se\u00f1al\u00e9tica<\/strong>, <strong>nomenclatura actualizada<\/strong>, <strong>reductores de velocidad<\/strong>, <strong>pintado de cruces peatonales<\/strong> y un <strong>dise\u00f1o urbano moderno<\/strong>, que permitir\u00e1 avanzar hacia la <strong>declaratoria de Centro Hist\u00f3rico<\/strong> de Soledad.<\/p>\n\n\n\n<p>Estas acciones reflejan el <strong>compromiso del Gobierno Municipal<\/strong>, encabezado por el <strong>Alcalde Juan Manuel Navarro Mu\u00f1iz<\/strong>, con mejorar la <strong>movilidad, seguridad vial y bienestar ciudadano<\/strong>, consolidando un gobierno cercano que trabaja por la <strong>modernizaci\u00f3n del entorno urbano<\/strong> y la <strong>calidad de vida de las familias soledenses<\/strong>.<\/p>\n","protected":false},"excerpt":{"rendered":"<p>La Guardia Civil Municipal de Soledad de Graciano S\u00e1nchez, a trav\u00e9s de la Direcci\u00f3n de Seguridad Vial y Movilidad, contin\u00faa con la campa\u00f1a informativa sobre los nuevos sentidos de circulaci\u00f3n en calles del primer cuadro del municipio, como parte del programa de reestructura vial que abarca 15 vialidades en la zona centro, con el objetivo [&hellip;]<\/p>\n","protected":false},"author":2,"featured_media":24076,"comment_status":"open","ping_status":"open","sticky":false,"template":"","format":"standard","meta":{"footnotes":""},"categories":[1,24,21],"tags":[223,1428,2475,294,261,27,958],"class_list":{"0":"post-24075","1":"post","2":"type-post","3":"status-publish","4":"format-standard","5":"has-post-thumbnail","7":"category-destacadas","8":"category-informacion-general","9":"category-tu-soledad","10":"tag-ayuntamiento-soledense","11":"tag-calles","12":"tag-gcm","13":"tag-san-luis","14":"tag-slp","15":"tag-soledad","16":"tag-vialidad"},"_links":{"self":[{"href":"https:\/\/cronicadesoledad.com\/index.php\/wp-json\/wp\/v2\/posts\/24075","targetHints":{"allow":["GET"]}}],"collection":[{"href":"https:\/\/cronicadesoledad.com\/index.php\/wp-json\/wp\/v2\/posts"}],"about":[{"href":"https:\/\/cronicadesoledad.com\/index.php\/wp-json\/wp\/v2\/types\/post"}],"author":[{"embeddable":true,"href":"https:\/\/cronicadesoledad.com\/index.php\/wp-json\/wp\/v2\/users\/2"}],"replies":[{"embeddable":true,"href":"https:\/\/cronicadesoledad.com\/index.php\/wp-json\/wp\/v2\/comments?post=24075"}],"version-history":[{"count":1,"href":"https:\/\/cronicadesoledad.com\/index.php\/wp-json\/wp\/v2\/posts\/24075\/revisions"}],"predecessor-version":[{"id":24077,"href":"https:\/\/cronicadesoledad.com\/index.php\/wp-json\/wp\/v2\/posts\/24075\/revisions\/24077"}],"wp:featuredmedia":[{"embeddable":true,"href":"https:\/\/cronicadesoledad.com\/index.php\/wp-json\/wp\/v2\/media\/24076"}],"wp:attachment":[{"href":"https:\/\/cronicadesoledad.com\/index.php\/wp-json\/wp\/v2\/media?parent=24075"}],"wp:term":[{"taxonomy":"category","embeddable":true,"href":"https:\/\/cronicadesoledad.com\/index.php\/wp-json\/wp\/v2\/categories?post=24075"},{"taxonomy":"post_tag","embeddable":true,"href":"https:\/\/cronicadesoledad.com\/index.php\/wp-json\/wp\/v2\/tags?post=24075"}],"curies":[{"name":"wp","href":"https:\/\/api.w.org\/{rel}","templated":true}]}}