{"id":24078,"date":"2025-10-30T19:05:19","date_gmt":"2025-10-31T01:05:19","guid":{"rendered":"https:\/\/cronicadesoledad.com\/?p=24078"},"modified":"2025-10-30T19:05:19","modified_gmt":"2025-10-31T01:05:19","slug":"terror-y-tradicion-estremecen-el-panteon-municipal-de-soledad-durante-recorridos-paranormales","status":"publish","type":"post","link":"https:\/\/cronicadesoledad.com\/index.php\/2025\/10\/30\/terror-y-tradicion-estremecen-el-panteon-municipal-de-soledad-durante-recorridos-paranormales\/","title":{"rendered":"Terror y tradici\u00f3n estremecen el Pante\u00f3n Municipal de Soledad durante recorridos paranormales"},"content":{"rendered":"\n<p>Entre gritos, risas y emoci\u00f3n, m\u00e1s de <strong>800 personas<\/strong> participaron en los <strong>recorridos de terror<\/strong> realizados en el <strong>Pante\u00f3n Municipal \u201cNuestra Se\u00f1ora del Refugio\u201d<\/strong>, de <strong>Soledad de Graciano S\u00e1nchez<\/strong>, una experiencia que combin\u00f3 historia, suspenso y tradici\u00f3n como parte de las <strong>Festividades de Muertos 2025<\/strong>. La actividad, organizada por la <strong>Direcci\u00f3n de Cultura y Turismo Municipal<\/strong>, atrajo a familias enteras que abarrotaron el camposanto para disfrutar de una propuesta cultural gratuita, dise\u00f1ada para promover el arte y la convivencia social en un entorno \u00fanico.<\/p>\n\n\n\n<p>El evento, impulsado por el <strong>Alcalde Juan Manuel Navarro Mu\u00f1iz<\/strong>, tuvo como prop\u00f3sito <strong>fortalecer la identidad cultural y fomentar la participaci\u00f3n ciudadana<\/strong>, ofreciendo a las y los asistentes una noche inolvidable en la que la tradici\u00f3n del D\u00eda de Muertos se mezcl\u00f3 con el teatro, la m\u00fasica y la ambientaci\u00f3n esc\u00e9nica. Cada recorrido, con duraci\u00f3n de 20 minutos, condujo a los visitantes entre tumbas y pasillos iluminados con luces tenues, donde <strong>actores locales dieron vida a leyendas y relatos paranormales del municipio<\/strong>, envueltos en efectos sonoros y visuales que provocaron sorpresa y diversi\u00f3n.<\/p>\n\n\n\n<p>El <strong>director de Cultura y Turismo Municipal, Felipe C\u00e1rdenas Quibrera<\/strong>, destac\u00f3 el \u00e9xito de la actividad y la gran respuesta de la ciudadan\u00eda: \u201cEstos recorridos son una forma de acercar el arte y las leyendas a nuestro pueblo; queremos que las familias vivan una experiencia diferente, que disfruten y, al mismo tiempo, se sientan parte de la historia que nos identifica como soledenses\u201d.<\/p>\n\n\n\n<p>Con este tipo de iniciativas, el <strong>Ayuntamiento de Soledad de Graciano S\u00e1nchez<\/strong> reafirma su compromiso con la <strong>promoci\u00f3n de la cultura y las tradiciones locales<\/strong>, impulsando eventos gratuitos e inclusivos que fortalecen la <strong>unidad comunitaria<\/strong>, promueven la <strong>participaci\u00f3n familiar<\/strong> y proyectan al municipio como un referente cultural que celebra la vida, la memoria y las ra\u00edces de su gente.<\/p>\n","protected":false},"excerpt":{"rendered":"<p>Entre gritos, risas y emoci\u00f3n, m\u00e1s de 800 personas participaron en los recorridos de terror realizados en el Pante\u00f3n Municipal \u201cNuestra Se\u00f1ora del Refugio\u201d, de Soledad de Graciano S\u00e1nchez, una experiencia que combin\u00f3 historia, suspenso y tradici\u00f3n como parte de las Festividades de Muertos 2025. La actividad, organizada por la Direcci\u00f3n de Cultura y Turismo [&hellip;]<\/p>\n","protected":false},"author":2,"featured_media":24079,"comment_status":"open","ping_status":"open","sticky":false,"template":"","format":"standard","meta":{"footnotes":""},"categories":[1,24,21],"tags":[223,4936,3520,294,261,27],"class_list":{"0":"post-24078","1":"post","2":"type-post","3":"status-publish","4":"format-standard","5":"has-post-thumbnail","7":"category-destacadas","8":"category-informacion-general","9":"category-tu-soledad","10":"tag-ayuntamiento-soledense","11":"tag-panteon","12":"tag-recorridos","13":"tag-san-luis","14":"tag-slp","15":"tag-soledad"},"_links":{"self":[{"href":"https:\/\/cronicadesoledad.com\/index.php\/wp-json\/wp\/v2\/posts\/24078","targetHints":{"allow":["GET"]}}],"collection":[{"href":"https:\/\/cronicadesoledad.com\/index.php\/wp-json\/wp\/v2\/posts"}],"about":[{"href":"https:\/\/cronicadesoledad.com\/index.php\/wp-json\/wp\/v2\/types\/post"}],"author":[{"embeddable":true,"href":"https:\/\/cronicadesoledad.com\/index.php\/wp-json\/wp\/v2\/users\/2"}],"replies":[{"embeddable":true,"href":"https:\/\/cronicadesoledad.com\/index.php\/wp-json\/wp\/v2\/comments?post=24078"}],"version-history":[{"count":1,"href":"https:\/\/cronicadesoledad.com\/index.php\/wp-json\/wp\/v2\/posts\/24078\/revisions"}],"predecessor-version":[{"id":24080,"href":"https:\/\/cronicadesoledad.com\/index.php\/wp-json\/wp\/v2\/posts\/24078\/revisions\/24080"}],"wp:featuredmedia":[{"embeddable":true,"href":"https:\/\/cronicadesoledad.com\/index.php\/wp-json\/wp\/v2\/media\/24079"}],"wp:attachment":[{"href":"https:\/\/cronicadesoledad.com\/index.php\/wp-json\/wp\/v2\/media?parent=24078"}],"wp:term":[{"taxonomy":"category","embeddable":true,"href":"https:\/\/cronicadesoledad.com\/index.php\/wp-json\/wp\/v2\/categories?post=24078"},{"taxonomy":"post_tag","embeddable":true,"href":"https:\/\/cronicadesoledad.com\/index.php\/wp-json\/wp\/v2\/tags?post=24078"}],"curies":[{"name":"wp","href":"https:\/\/api.w.org\/{rel}","templated":true}]}}