{"id":24084,"date":"2025-10-30T19:12:04","date_gmt":"2025-10-31T01:12:04","guid":{"rendered":"https:\/\/cronicadesoledad.com\/?p=24084"},"modified":"2025-10-30T19:12:05","modified_gmt":"2025-10-31T01:12:05","slug":"ayuntamiento-de-soledad-se-prepara-ante-el-descenso-de-temperatura-activa-plan-operativo-invernal","status":"publish","type":"post","link":"https:\/\/cronicadesoledad.com\/index.php\/2025\/10\/30\/ayuntamiento-de-soledad-se-prepara-ante-el-descenso-de-temperatura-activa-plan-operativo-invernal\/","title":{"rendered":"Ayuntamiento de Soledad se prepara ante el descenso de temperatura: activa plan &#8220;Operativo Invernal&#8221;"},"content":{"rendered":"\n<p>Ante el marcado <strong>descenso de temperaturas<\/strong> registrado en <strong>Soledad de Graciano S\u00e1nchez<\/strong>, con valores de hasta <strong>8 grados cent\u00edgrados<\/strong> por la llegada del <strong>frente fr\u00edo n\u00famero 11<\/strong>, el <strong>Ayuntamiento<\/strong>, encabezado por el <strong>Alcalde Juan Manuel Navarro Mu\u00f1iz<\/strong>, activ\u00f3 el <strong>Operativo Invernal<\/strong> con el prop\u00f3sito de salvaguardar la integridad de las familias y brindar atenci\u00f3n especial a las personas en situaci\u00f3n vulnerable.<\/p>\n\n\n\n<p>De acuerdo con el <strong>Servicio Meteorol\u00f3gico Nacional<\/strong>, esta temporada contar\u00e1 con <strong>48 frentes fr\u00edos<\/strong>, por lo que el Gobierno Municipal, a trav\u00e9s del <strong>Sistema de Protecci\u00f3n Civil<\/strong>, reforzar\u00e1 las acciones de prevenci\u00f3n y vigilancia en todo el municipio. El edil instruy\u00f3 que <strong>ninguna persona permanezca en la calle durante las noches m\u00e1s fr\u00edas<\/strong>, por lo que, en coordinaci\u00f3n con el <strong>Sistema Municipal DIF<\/strong>, que preside <strong>Mar\u00eda del Pilar Cardona Reyna<\/strong>, se habilit\u00f3 el <strong>albergue mixto de la colonia Las Flores<\/strong>, con capacidad para <strong>48 personas<\/strong>, donde se ofrecer\u00e1n alimentos, cobijas y atenci\u00f3n m\u00e9dica b\u00e1sica.<\/p>\n\n\n\n<p>El <strong>titular de Protecci\u00f3n Civil, Mart\u00edn Bravo Galicia<\/strong>, inform\u00f3 que se incrementar\u00e1n los <strong>recorridos nocturnos<\/strong> en zonas donde se ha detectado la presencia de personas sin hogar o en tr\u00e1nsito: \u201cEstamos preparados para atender a quien lo necesite; la instrucci\u00f3n del Alcalde es clara: ninguna persona debe quedar desprotegida ante el fr\u00edo\u201d, se\u00f1al\u00f3.<\/p>\n\n\n\n<p>Finalmente, Bravo Galicia exhort\u00f3 a la ciudadan\u00eda a <strong>tomar precauciones ante los cambios bruscos de temperatura<\/strong>, recomendando abrigar especialmente a <strong>ni\u00f1as, ni\u00f1os y adultos mayores<\/strong>, evitar exposiciones prolongadas y acudir al m\u00e9dico ante s\u00edntomas respiratorios. Indic\u00f3 adem\u00e1s que los <strong>primeros d\u00edas de noviembre<\/strong> podr\u00edan registrarse <strong>vientos de hasta 50 km\/h<\/strong> y temperaturas cercanas a los <strong>0 grados<\/strong> en algunas zonas del estado, por lo que pidi\u00f3 mantenerse atentos a los <strong>avisos oficiales del Ayuntamiento<\/strong> y colaborar con las autoridades para proteger la salud y seguridad de todos los habitantes.<\/p>\n","protected":false},"excerpt":{"rendered":"<p>Ante el marcado descenso de temperaturas registrado en Soledad de Graciano S\u00e1nchez, con valores de hasta 8 grados cent\u00edgrados por la llegada del frente fr\u00edo n\u00famero 11, el Ayuntamiento, encabezado por el Alcalde Juan Manuel Navarro Mu\u00f1iz, activ\u00f3 el Operativo Invernal con el prop\u00f3sito de salvaguardar la integridad de las familias y brindar atenci\u00f3n especial [&hellip;]<\/p>\n","protected":false},"author":2,"featured_media":24085,"comment_status":"open","ping_status":"open","sticky":false,"template":"","format":"standard","meta":{"footnotes":""},"categories":[1,24,21],"tags":[223,2918,294,261,27],"class_list":{"0":"post-24084","1":"post","2":"type-post","3":"status-publish","4":"format-standard","5":"has-post-thumbnail","7":"category-destacadas","8":"category-informacion-general","9":"category-tu-soledad","10":"tag-ayuntamiento-soledense","11":"tag-operativo-invernal","12":"tag-san-luis","13":"tag-slp","14":"tag-soledad"},"_links":{"self":[{"href":"https:\/\/cronicadesoledad.com\/index.php\/wp-json\/wp\/v2\/posts\/24084","targetHints":{"allow":["GET"]}}],"collection":[{"href":"https:\/\/cronicadesoledad.com\/index.php\/wp-json\/wp\/v2\/posts"}],"about":[{"href":"https:\/\/cronicadesoledad.com\/index.php\/wp-json\/wp\/v2\/types\/post"}],"author":[{"embeddable":true,"href":"https:\/\/cronicadesoledad.com\/index.php\/wp-json\/wp\/v2\/users\/2"}],"replies":[{"embeddable":true,"href":"https:\/\/cronicadesoledad.com\/index.php\/wp-json\/wp\/v2\/comments?post=24084"}],"version-history":[{"count":1,"href":"https:\/\/cronicadesoledad.com\/index.php\/wp-json\/wp\/v2\/posts\/24084\/revisions"}],"predecessor-version":[{"id":24086,"href":"https:\/\/cronicadesoledad.com\/index.php\/wp-json\/wp\/v2\/posts\/24084\/revisions\/24086"}],"wp:featuredmedia":[{"embeddable":true,"href":"https:\/\/cronicadesoledad.com\/index.php\/wp-json\/wp\/v2\/media\/24085"}],"wp:attachment":[{"href":"https:\/\/cronicadesoledad.com\/index.php\/wp-json\/wp\/v2\/media?parent=24084"}],"wp:term":[{"taxonomy":"category","embeddable":true,"href":"https:\/\/cronicadesoledad.com\/index.php\/wp-json\/wp\/v2\/categories?post=24084"},{"taxonomy":"post_tag","embeddable":true,"href":"https:\/\/cronicadesoledad.com\/index.php\/wp-json\/wp\/v2\/tags?post=24084"}],"curies":[{"name":"wp","href":"https:\/\/api.w.org\/{rel}","templated":true}]}}