{"id":24087,"date":"2025-10-30T19:13:26","date_gmt":"2025-10-31T01:13:26","guid":{"rendered":"https:\/\/cronicadesoledad.com\/?p=24087"},"modified":"2025-10-30T19:13:28","modified_gmt":"2025-10-31T01:13:28","slug":"sin-afectaciones-a-san-luis-potosi-por-cancelacion-de-rutas-aereas-entre-mexico-y-estados-unidos","status":"publish","type":"post","link":"https:\/\/cronicadesoledad.com\/index.php\/2025\/10\/30\/sin-afectaciones-a-san-luis-potosi-por-cancelacion-de-rutas-aereas-entre-mexico-y-estados-unidos\/","title":{"rendered":"Sin afectaciones a San Luis Potos\u00ed por cancelaci\u00f3n de rutas a\u00e9reas entre M\u00e9xico y Estados Unidos"},"content":{"rendered":"\n<p>La <strong>Secretar\u00eda de Desarrollo Econ\u00f3mico (Sedeco)<\/strong> inform\u00f3 que la reciente decisi\u00f3n del Gobierno de Estados Unidos de <strong>cancelar 13 rutas a\u00e9reas de empresas mexicanas<\/strong> no impacta las operaciones ni la conectividad a\u00e9rea de <strong>San Luis Potos\u00ed<\/strong>, por lo que los vuelos nacionales e internacionales en el <strong>Aeropuerto Internacional Ponciano Arriaga<\/strong> contin\u00faan desarroll\u00e1ndose con total normalidad.<\/p>\n\n\n\n<p>El titular de la dependencia, <strong>Jes\u00fas Salvador Gonz\u00e1lez Mart\u00ednez<\/strong>, explic\u00f3 que la medida anunciada por el <strong>Departamento de Transporte de Estados Unidos (DOT)<\/strong> se enfoca principalmente en rutas que parten del <strong>Aeropuerto Internacional Felipe \u00c1ngeles (AIFA)<\/strong> y otras terminales del centro del pa\u00eds, por lo que <strong>ninguna conexi\u00f3n desde o hacia San Luis Potos\u00ed est\u00e1 incluida<\/strong> en el listado afectado. \u201cDamos certeza a las y los pasajeros, as\u00ed como al sector empresarial y tur\u00edstico, de que la conectividad del Estado se mantiene sin modificaciones\u201d, precis\u00f3.<\/p>\n\n\n\n<p>El funcionario subray\u00f3 que el <strong>vuelo internacional de Aerom\u00e9xico que conecta San Luis Potos\u00ed con Atlanta<\/strong> se mantiene sin cambios, operando de manera regular conforme a los itinerarios establecidos, lo que refuerza la confianza del sector productivo y tur\u00edstico en la estabilidad de las operaciones a\u00e9reas del Estado.<\/p>\n\n\n\n<p>Finalmente, Gonz\u00e1lez Mart\u00ednez indic\u00f3 que el <strong>Gobierno del Estado<\/strong>, encabezado por <strong>Ricardo Gallardo Cardona<\/strong>, mantiene <strong>comunicaci\u00f3n permanente con las aerol\u00edneas<\/strong> que operan en San Luis Potos\u00ed para <strong>garantizar la continuidad de los servicios<\/strong> y ofrecer informaci\u00f3n oportuna ante cualquier disposici\u00f3n internacional, asegurando as\u00ed la conectividad y competitividad a\u00e9rea de la entidad.<\/p>\n","protected":false},"excerpt":{"rendered":"<p>La Secretar\u00eda de Desarrollo Econ\u00f3mico (Sedeco) inform\u00f3 que la reciente decisi\u00f3n del Gobierno de Estados Unidos de cancelar 13 rutas a\u00e9reas de empresas mexicanas no impacta las operaciones ni la conectividad a\u00e9rea de San Luis Potos\u00ed, por lo que los vuelos nacionales e internacionales en el Aeropuerto Internacional Ponciano Arriaga contin\u00faan desarroll\u00e1ndose con total normalidad. [&hellip;]<\/p>\n","protected":false},"author":2,"featured_media":24088,"comment_status":"open","ping_status":"open","sticky":false,"template":"","format":"standard","meta":{"footnotes":""},"categories":[1,24,21],"tags":[4937,288,287,294,3191,261,27],"class_list":{"0":"post-24087","1":"post","2":"type-post","3":"status-publish","4":"format-standard","5":"has-post-thumbnail","7":"category-destacadas","8":"category-informacion-general","9":"category-tu-soledad","10":"tag-dot","11":"tag-internacional","12":"tag-nacional","13":"tag-san-luis","14":"tag-sedeco","15":"tag-slp","16":"tag-soledad"},"_links":{"self":[{"href":"https:\/\/cronicadesoledad.com\/index.php\/wp-json\/wp\/v2\/posts\/24087","targetHints":{"allow":["GET"]}}],"collection":[{"href":"https:\/\/cronicadesoledad.com\/index.php\/wp-json\/wp\/v2\/posts"}],"about":[{"href":"https:\/\/cronicadesoledad.com\/index.php\/wp-json\/wp\/v2\/types\/post"}],"author":[{"embeddable":true,"href":"https:\/\/cronicadesoledad.com\/index.php\/wp-json\/wp\/v2\/users\/2"}],"replies":[{"embeddable":true,"href":"https:\/\/cronicadesoledad.com\/index.php\/wp-json\/wp\/v2\/comments?post=24087"}],"version-history":[{"count":1,"href":"https:\/\/cronicadesoledad.com\/index.php\/wp-json\/wp\/v2\/posts\/24087\/revisions"}],"predecessor-version":[{"id":24089,"href":"https:\/\/cronicadesoledad.com\/index.php\/wp-json\/wp\/v2\/posts\/24087\/revisions\/24089"}],"wp:featuredmedia":[{"embeddable":true,"href":"https:\/\/cronicadesoledad.com\/index.php\/wp-json\/wp\/v2\/media\/24088"}],"wp:attachment":[{"href":"https:\/\/cronicadesoledad.com\/index.php\/wp-json\/wp\/v2\/media?parent=24087"}],"wp:term":[{"taxonomy":"category","embeddable":true,"href":"https:\/\/cronicadesoledad.com\/index.php\/wp-json\/wp\/v2\/categories?post=24087"},{"taxonomy":"post_tag","embeddable":true,"href":"https:\/\/cronicadesoledad.com\/index.php\/wp-json\/wp\/v2\/tags?post=24087"}],"curies":[{"name":"wp","href":"https:\/\/api.w.org\/{rel}","templated":true}]}}