{"id":24107,"date":"2025-10-31T23:27:45","date_gmt":"2025-11-01T05:27:45","guid":{"rendered":"https:\/\/cronicadesoledad.com\/?p=24107"},"modified":"2025-10-31T23:27:45","modified_gmt":"2025-11-01T05:27:45","slug":"adultos-mayores-en-soledad-participan-en-concurso-de-altares-de-muertos-con-gran-esmero","status":"publish","type":"post","link":"https:\/\/cronicadesoledad.com\/index.php\/2025\/10\/31\/adultos-mayores-en-soledad-participan-en-concurso-de-altares-de-muertos-con-gran-esmero\/","title":{"rendered":"Adultos mayores en Soledad participan en concurso de altares de muertos con gran esmero"},"content":{"rendered":"\n<p>En un ambiente de creatividad, alegr\u00eda y tradici\u00f3n, m\u00e1s de <strong>700 personas adultas mayores<\/strong> participaron en el <strong>Concurso de Altares de Muertos<\/strong> organizado por el <strong>Ayuntamiento de Soledad de Graciano S\u00e1nchez<\/strong>, a trav\u00e9s de la <strong>Coordinaci\u00f3n de Atenci\u00f3n al Adulto Mayor<\/strong>. La iniciativa tuvo como objetivo reforzar la <strong>uni\u00f3n comunitaria, el respeto a las ra\u00edces culturales y la sana convivencia<\/strong>, consolidando un espacio donde la experiencia y el arte popular se unieron para rendir homenaje a la memoria de quienes ya partieron.<\/p>\n\n\n\n<p>Los <strong>altares<\/strong> fueron instalados en los <strong>20 clubes de adulto mayor<\/strong> distribuidos en colonias como <strong>Primero de Mayo, La Constancia, Hogares Ferrocarrileros, Pav\u00f3n, San Francisco, San Luis 1, Cactus, Hogares Obreros, Benito Ju\u00e1rez, San Felipe, Puerta Real, 21 de Marzo, Rivas Guill\u00e9n Sur<\/strong>, as\u00ed como en las <strong>comunidades Enrique Estrada y Ventura<\/strong>, el <strong>Asilo Residencial San Vicente de Pa\u00fal<\/strong>, el <strong>Centro Cultural San Francisco<\/strong>, la <strong>Privada Las Huertas<\/strong>, el <strong>DIF Municipal<\/strong> y la <strong>cabecera municipal<\/strong>.<\/p>\n\n\n\n<p>El <strong>Alcalde Juan Manuel Navarro Mu\u00f1iz<\/strong> resalt\u00f3 que estas actividades fortalecen la <strong>integraci\u00f3n social<\/strong> y el <strong>orgullo cultural<\/strong> de las personas mayores, promoviendo su participaci\u00f3n activa en la vida comunitaria. Cada altar destac\u00f3 por su originalidad, colorido y el uso de elementos tradicionales como el <strong>papel picado, flores de cempas\u00fachil, veladoras y fotograf\u00edas<\/strong>, que reflejaron la riqueza cultural y espiritual de las y los soledenses.<\/p>\n\n\n\n<p>La Coordinaci\u00f3n de Atenci\u00f3n al Adulto Mayor subray\u00f3 que este tipo de proyectos responden a la <strong>visi\u00f3n humanista y de cercan\u00eda del Gobierno Municipal<\/strong>, que reconoce el valor, la experiencia y la sabidur\u00eda de las personas mayores como <strong>pilares del tejido social<\/strong>. Con estas acciones, el Ayuntamiento reafirma su compromiso de <strong>fomentar espacios de convivencia, participaci\u00f3n y preservaci\u00f3n de las tradiciones<\/strong>, promoviendo una comunidad m\u00e1s unida, solidaria y orgullosa de su herencia cultural.<\/p>\n","protected":false},"excerpt":{"rendered":"<p>En un ambiente de creatividad, alegr\u00eda y tradici\u00f3n, m\u00e1s de 700 personas adultas mayores participaron en el Concurso de Altares de Muertos organizado por el Ayuntamiento de Soledad de Graciano S\u00e1nchez, a trav\u00e9s de la Coordinaci\u00f3n de Atenci\u00f3n al Adulto Mayor. La iniciativa tuvo como objetivo reforzar la uni\u00f3n comunitaria, el respeto a las ra\u00edces [&hellip;]<\/p>\n","protected":false},"author":2,"featured_media":24108,"comment_status":"open","ping_status":"open","sticky":false,"template":"","format":"standard","meta":{"footnotes":""},"categories":[1,24,21],"tags":[2832,223,294,261,27],"class_list":{"0":"post-24107","1":"post","2":"type-post","3":"status-publish","4":"format-standard","5":"has-post-thumbnail","7":"category-destacadas","8":"category-informacion-general","9":"category-tu-soledad","10":"tag-altar-de-muertos","11":"tag-ayuntamiento-soledense","12":"tag-san-luis","13":"tag-slp","14":"tag-soledad"},"_links":{"self":[{"href":"https:\/\/cronicadesoledad.com\/index.php\/wp-json\/wp\/v2\/posts\/24107","targetHints":{"allow":["GET"]}}],"collection":[{"href":"https:\/\/cronicadesoledad.com\/index.php\/wp-json\/wp\/v2\/posts"}],"about":[{"href":"https:\/\/cronicadesoledad.com\/index.php\/wp-json\/wp\/v2\/types\/post"}],"author":[{"embeddable":true,"href":"https:\/\/cronicadesoledad.com\/index.php\/wp-json\/wp\/v2\/users\/2"}],"replies":[{"embeddable":true,"href":"https:\/\/cronicadesoledad.com\/index.php\/wp-json\/wp\/v2\/comments?post=24107"}],"version-history":[{"count":1,"href":"https:\/\/cronicadesoledad.com\/index.php\/wp-json\/wp\/v2\/posts\/24107\/revisions"}],"predecessor-version":[{"id":24109,"href":"https:\/\/cronicadesoledad.com\/index.php\/wp-json\/wp\/v2\/posts\/24107\/revisions\/24109"}],"wp:featuredmedia":[{"embeddable":true,"href":"https:\/\/cronicadesoledad.com\/index.php\/wp-json\/wp\/v2\/media\/24108"}],"wp:attachment":[{"href":"https:\/\/cronicadesoledad.com\/index.php\/wp-json\/wp\/v2\/media?parent=24107"}],"wp:term":[{"taxonomy":"category","embeddable":true,"href":"https:\/\/cronicadesoledad.com\/index.php\/wp-json\/wp\/v2\/categories?post=24107"},{"taxonomy":"post_tag","embeddable":true,"href":"https:\/\/cronicadesoledad.com\/index.php\/wp-json\/wp\/v2\/tags?post=24107"}],"curies":[{"name":"wp","href":"https:\/\/api.w.org\/{rel}","templated":true}]}}