{"id":24110,"date":"2025-11-03T03:08:00","date_gmt":"2025-11-03T09:08:00","guid":{"rendered":"https:\/\/cronicadesoledad.com\/?p=24110"},"modified":"2025-11-03T01:07:34","modified_gmt":"2025-11-03T07:07:34","slug":"en-proximas-semanas-alcalde-navarro-muniz-hara-realidad-obras-de-alto-impacto-social-en-mas-colonias","status":"publish","type":"post","link":"https:\/\/cronicadesoledad.com\/index.php\/2025\/11\/03\/en-proximas-semanas-alcalde-navarro-muniz-hara-realidad-obras-de-alto-impacto-social-en-mas-colonias\/","title":{"rendered":"En pr\u00f3ximas semanas, Alcalde Navarro Mu\u00f1iz har\u00e1 realidad obras de alto impacto social en m\u00e1s colonias"},"content":{"rendered":"\n<p>El <strong>Alcalde Juan Manuel Navarro Mu\u00f1iz<\/strong> anunci\u00f3 una nueva etapa de <strong>crecimiento y desarrollo para Soledad de Graciano S\u00e1nchez<\/strong>, con la puesta en marcha de <strong>obras prioritarias<\/strong> que reforzar\u00e1n la infraestructura urbana y mejorar\u00e1n la calidad de vida de miles de familias, consolidando as\u00ed la transformaci\u00f3n del municipio. Estas acciones, aprobadas por el <strong>Consejo de Desarrollo Social Municipal<\/strong>, reflejan el compromiso del Ayuntamiento de ofrecer <strong>infraestructura moderna, servicios eficientes y espacios dignos<\/strong> que fortalezcan la convivencia social y el bienestar ciudadano.<\/p>\n\n\n\n<p>Durante la reciente sesi\u00f3n del Consejo, se aprob\u00f3 un <strong>paquete de obras<\/strong> que incluye la <strong>rehabilitaci\u00f3n de los Parques Urbanos Puertas del Sol y Bosques de Oriente<\/strong>, los cuales ser\u00e1n transformados en espacios m\u00e1s seguros, accesibles y funcionales para la convivencia familiar. Asimismo, se autoriz\u00f3 la <strong>construcci\u00f3n de la red de alcantarillado en la calle Cruz Colorada<\/strong>, del fraccionamiento <strong>Hacienda Las Cruces<\/strong>, una obra que resolver\u00e1 una demanda de a\u00f1os y mejorar\u00e1 las condiciones de saneamiento y salubridad en la zona.<\/p>\n\n\n\n<p>El plan tambi\u00e9n contempla la <strong>construcci\u00f3n de nuevos Parques Urbanos<\/strong> en la <strong>colonia 21 de Marzo<\/strong> y en <strong>Hacienda de los Morales<\/strong>, con el objetivo de fortalecer el tejido social y brindar espacios donde las familias puedan realizar actividades culturales y deportivas. Adem\u00e1s, se aprob\u00f3 la <strong>edificaci\u00f3n de un dispensario m\u00e9dico y una purificadora de agua potable en el fraccionamiento La Virgen<\/strong>, acercando servicios esenciales a sectores prioritarios, as\u00ed como la <strong>reposic\u00f3n de la l\u00ednea de drenaje sanitario en la calle \u00c1lvaro Obreg\u00f3n<\/strong>, en la <strong>colonia San Antonio<\/strong>, garantizando una infraestructura moderna y funcional.<\/p>\n\n\n\n<p>\u201cEl <strong>desarrollo de Soledad no se detiene<\/strong>; seguimos avanzando con obras que transforman nuestro entorno y mejoran la vida de nuestra gente. Cada proyecto es la muestra de la cercan\u00eda de un gobierno que escucha, atiende y cumple. Nuestro compromiso es seguir construyendo un municipio m\u00e1s digno, con servicios de calidad y espacios donde las familias se sientan orgullosas de vivir\u201d, expres\u00f3 el edil soledense al t\u00e9rmino de la sesi\u00f3n.<\/p>\n\n\n\n<p>Estas obras, que <strong>iniciar\u00e1n en las pr\u00f3ximas semanas<\/strong>, consolidan la visi\u00f3n de un <strong>gobierno cercano, responsable y comprometido con el progreso<\/strong>, reafirmando la confianza ciudadana en la administraci\u00f3n municipal y en el liderazgo del Alcalde <strong>Juan Manuel Navarro Mu\u00f1iz<\/strong>, quien impulsa un desarrollo sostenido en todos los rincones del municipio.<\/p>\n\n\n\n<h5 class=\"wp-block-heading\"><\/h5>\n","protected":false},"excerpt":{"rendered":"<p>El Alcalde Juan Manuel Navarro Mu\u00f1iz anunci\u00f3 una nueva etapa de crecimiento y desarrollo para Soledad de Graciano S\u00e1nchez, con la puesta en marcha de obras prioritarias que reforzar\u00e1n la infraestructura urbana y mejorar\u00e1n la calidad de vida de miles de familias, consolidando as\u00ed la transformaci\u00f3n del municipio. Estas acciones, aprobadas por el Consejo de [&hellip;]<\/p>\n","protected":false},"author":2,"featured_media":24111,"comment_status":"open","ping_status":"open","sticky":false,"template":"","format":"standard","meta":{"footnotes":""},"categories":[1,21],"tags":[1968,223,279,294,261,27],"class_list":{"0":"post-24110","1":"post","2":"type-post","3":"status-publish","4":"format-standard","5":"has-post-thumbnail","7":"category-destacadas","8":"category-tu-soledad","9":"tag-alcalde","10":"tag-ayuntamiento-soledense","11":"tag-obras","12":"tag-san-luis","13":"tag-slp","14":"tag-soledad"},"_links":{"self":[{"href":"https:\/\/cronicadesoledad.com\/index.php\/wp-json\/wp\/v2\/posts\/24110","targetHints":{"allow":["GET"]}}],"collection":[{"href":"https:\/\/cronicadesoledad.com\/index.php\/wp-json\/wp\/v2\/posts"}],"about":[{"href":"https:\/\/cronicadesoledad.com\/index.php\/wp-json\/wp\/v2\/types\/post"}],"author":[{"embeddable":true,"href":"https:\/\/cronicadesoledad.com\/index.php\/wp-json\/wp\/v2\/users\/2"}],"replies":[{"embeddable":true,"href":"https:\/\/cronicadesoledad.com\/index.php\/wp-json\/wp\/v2\/comments?post=24110"}],"version-history":[{"count":1,"href":"https:\/\/cronicadesoledad.com\/index.php\/wp-json\/wp\/v2\/posts\/24110\/revisions"}],"predecessor-version":[{"id":24112,"href":"https:\/\/cronicadesoledad.com\/index.php\/wp-json\/wp\/v2\/posts\/24110\/revisions\/24112"}],"wp:featuredmedia":[{"embeddable":true,"href":"https:\/\/cronicadesoledad.com\/index.php\/wp-json\/wp\/v2\/media\/24111"}],"wp:attachment":[{"href":"https:\/\/cronicadesoledad.com\/index.php\/wp-json\/wp\/v2\/media?parent=24110"}],"wp:term":[{"taxonomy":"category","embeddable":true,"href":"https:\/\/cronicadesoledad.com\/index.php\/wp-json\/wp\/v2\/categories?post=24110"},{"taxonomy":"post_tag","embeddable":true,"href":"https:\/\/cronicadesoledad.com\/index.php\/wp-json\/wp\/v2\/tags?post=24110"}],"curies":[{"name":"wp","href":"https:\/\/api.w.org\/{rel}","templated":true}]}}