{"id":24119,"date":"2025-10-31T23:38:04","date_gmt":"2025-11-01T05:38:04","guid":{"rendered":"https:\/\/cronicadesoledad.com\/?p=24119"},"modified":"2025-10-31T23:38:04","modified_gmt":"2025-11-01T05:38:04","slug":"muertos-vivientes-y-criaturas-terrorificas-tomaron-las-calles-de-soledad-en-la-marcha-zombie-2025","status":"publish","type":"post","link":"https:\/\/cronicadesoledad.com\/index.php\/2025\/10\/31\/muertos-vivientes-y-criaturas-terrorificas-tomaron-las-calles-de-soledad-en-la-marcha-zombie-2025\/","title":{"rendered":"Muertos vivientes y criaturas terror\u00edficas tomaron las calles de Soledad en la \u201cMarcha Zombie 2025\u201d"},"content":{"rendered":"\n<p>El terror y la creatividad se apoderaron de las calles de <strong>Soledad de Graciano S\u00e1nchez<\/strong> durante la <strong>\u201cMarcha Zombie 2025\u201d<\/strong>, un evento que se consolid\u00f3 como parte esencial de la <strong>Festividad de Muertos<\/strong> y que reuni\u00f3 a <strong>m\u00e1s de mil participantes<\/strong> entre ni\u00f1os, j\u00f3venes y adultos caracterizados como muertos vivientes, brujas, catrinas y seres del m\u00e1s all\u00e1. La cita fue la noche del <strong>31 de octubre<\/strong>, cuando las familias disfrutaron de una jornada llena de imaginaci\u00f3n, convivencia y cultura.<\/p>\n\n\n\n<p>Organizado por la <strong>Direcci\u00f3n de Turismo y Cultura Municipal<\/strong>, con el respaldo de la <strong>Presidencia Municipal<\/strong>, la <strong>Guardia Civil Municipal<\/strong> y <strong>Protecci\u00f3n Civil<\/strong>, el desfile inici\u00f3 en la <strong>Casa de Cultura<\/strong> y recorri\u00f3 las calles principales hasta llegar al <strong>Jard\u00edn Principal<\/strong>, donde cientos de espectadores presenciaron el espect\u00e1culo. Desde las siete de la noche, los asistentes admiraron disfraces de gran detalle: <strong>carniceros con sierras, seres post-apocal\u00edpticos, momias, catrines, diablos, zombies y criaturas infernales<\/strong>, todos mostrando ingenio y creatividad en su caracterizaci\u00f3n.<\/p>\n\n\n\n<p>El jurado calificador evalu\u00f3 aspectos como la <strong>elaboraci\u00f3n, actuaci\u00f3n, maquillaje y originalidad<\/strong>, otorgando los primeros lugares a <strong>\u00c1ngel Ju\u00e1rez<\/strong>, con su personificaci\u00f3n de \u201cEl Diablo\u201d; <strong>Cristian Aguilar<\/strong>, con el espantap\u00e1jaros maligno; y <strong>Alexa Torres<\/strong>, con su imponente creaci\u00f3n \u201cNido ara\u00f1a\u201d. Esta \u00faltima, una <strong>tar\u00e1ntula gigante con una presa humana<\/strong>, se llev\u00f3 el <strong>primer lugar en la categor\u00eda libre<\/strong> y un <strong>premio de 10 mil pesos en efectivo<\/strong>.<\/p>\n\n\n\n<p>En la <strong>categor\u00eda infantil<\/strong>, el primer lugar fue para <strong>Carmina<\/strong>, con su disfraz de \u201cDiosa Luna\u201d; el segundo para <strong>Camilo Kaleb<\/strong>, con \u201cCharrito\u201d; y el tercero para <strong>Alan Mat\u00edas<\/strong>, con su creativo \u201cRing de boxeo\u201d. Adem\u00e1s, se entregaron <strong>bicicletas, pantallas y premios especiales<\/strong> a participantes destacados como <strong>Magdalena Monsiv\u00e1is (\u201cNovia\u201d), Alexis (\u201cFiesta sabor y tradici\u00f3n\u201d), Renata (\u201cCatrina bailarina\u201d) y Lidia Ram\u00edrez (\u201cCatrina elegante\u201d)<\/strong>.<\/p>\n\n\n\n<p>Con una <strong>r\u00e9cord de asistencia y participaci\u00f3n<\/strong>, la <strong>Marcha Zombie 2025<\/strong> reafirm\u00f3 a <strong>Soledad de Graciano S\u00e1nchez<\/strong> como un referente de cultura, tradici\u00f3n y convivencia familiar. Este evento, impulsado por el <strong>Alcalde Juan Manuel Navarro Mu\u00f1iz<\/strong>, demuestra que la creatividad y la uni\u00f3n comunitaria son pilares para fortalecer las celebraciones que dan identidad al municipio.<\/p>\n","protected":false},"excerpt":{"rendered":"<p>El terror y la creatividad se apoderaron de las calles de Soledad de Graciano S\u00e1nchez durante la \u201cMarcha Zombie 2025\u201d, un evento que se consolid\u00f3 como parte esencial de la Festividad de Muertos y que reuni\u00f3 a m\u00e1s de mil participantes entre ni\u00f1os, j\u00f3venes y adultos caracterizados como muertos vivientes, brujas, catrinas y seres del [&hellip;]<\/p>\n","protected":false},"author":2,"featured_media":24120,"comment_status":"open","ping_status":"open","sticky":false,"template":"","format":"standard","meta":{"footnotes":""},"categories":[1,24,21],"tags":[223,2842,294,261,27],"class_list":{"0":"post-24119","1":"post","2":"type-post","3":"status-publish","4":"format-standard","5":"has-post-thumbnail","7":"category-destacadas","8":"category-informacion-general","9":"category-tu-soledad","10":"tag-ayuntamiento-soledense","11":"tag-marcha-zombie","12":"tag-san-luis","13":"tag-slp","14":"tag-soledad"},"_links":{"self":[{"href":"https:\/\/cronicadesoledad.com\/index.php\/wp-json\/wp\/v2\/posts\/24119","targetHints":{"allow":["GET"]}}],"collection":[{"href":"https:\/\/cronicadesoledad.com\/index.php\/wp-json\/wp\/v2\/posts"}],"about":[{"href":"https:\/\/cronicadesoledad.com\/index.php\/wp-json\/wp\/v2\/types\/post"}],"author":[{"embeddable":true,"href":"https:\/\/cronicadesoledad.com\/index.php\/wp-json\/wp\/v2\/users\/2"}],"replies":[{"embeddable":true,"href":"https:\/\/cronicadesoledad.com\/index.php\/wp-json\/wp\/v2\/comments?post=24119"}],"version-history":[{"count":1,"href":"https:\/\/cronicadesoledad.com\/index.php\/wp-json\/wp\/v2\/posts\/24119\/revisions"}],"predecessor-version":[{"id":24121,"href":"https:\/\/cronicadesoledad.com\/index.php\/wp-json\/wp\/v2\/posts\/24119\/revisions\/24121"}],"wp:featuredmedia":[{"embeddable":true,"href":"https:\/\/cronicadesoledad.com\/index.php\/wp-json\/wp\/v2\/media\/24120"}],"wp:attachment":[{"href":"https:\/\/cronicadesoledad.com\/index.php\/wp-json\/wp\/v2\/media?parent=24119"}],"wp:term":[{"taxonomy":"category","embeddable":true,"href":"https:\/\/cronicadesoledad.com\/index.php\/wp-json\/wp\/v2\/categories?post=24119"},{"taxonomy":"post_tag","embeddable":true,"href":"https:\/\/cronicadesoledad.com\/index.php\/wp-json\/wp\/v2\/tags?post=24119"}],"curies":[{"name":"wp","href":"https:\/\/api.w.org\/{rel}","templated":true}]}}